{"id":70106,"date":"2023-10-24T13:19:00","date_gmt":"2023-10-24T18:19:00","guid":{"rendered":"https:\/\/interaccionnoticias.com.mx\/?p=70106"},"modified":"2023-10-25T00:40:36","modified_gmt":"2023-10-25T05:40:36","slug":"condena-la-gobernadora-de-guerrero-la-masacre-de-los-13-policias-en-coyuca-de-benitez","status":"publish","type":"post","link":"https:\/\/www.interaccionnoticias.com.mx\/?p=70106","title":{"rendered":"Condena la gobernadora de Guerrero la masacre de los 13 polic\u00edas en Coyuca de Ben\u00edtez"},"content":{"rendered":"\n<p><strong><em>&#8212; Insta a la FGE a que realice una investigaci\u00f3n exhaustiva para esclarecer el caso, que no haya impunidad<br>&#8212; Ordena refuerzo de la seguridad en Costa Grande, con 300 elementos de GN, SEDENA y SSP<\/em><\/strong><\/p>\n\n\n\n<p><strong>Rogelio Agust\u00edn<\/strong><\/p>\n\n\n\n<p><strong>Chilpancingo Gro. 24 de octubre del 2023.-<\/strong> La gobernadora Evelyn Salgado Pineda conden\u00f3 el asesinato de 13 polic\u00edas preventivos en el municipio de Coyuca de Ben\u00edtez, por lo que urgi\u00f3 a la Fiscal\u00eda General del Estado (FGE) a realizar una investigaci\u00f3n exhaustiva con el objetivo de que estos crimenes no queden en la impunidad.<\/p>\n\n\n\n<p>En Chilpancingo, la jefa del Ejecutivo local manifest\u00f3 que coadyuvar\u00e1 en los trabajos encaminados a reforzar la seguridad en el municipio y la Costa Grande, para ello se cuenta ya con el apoyo de 300 elementos de la Guardia Nacional y SEDENA.<\/p>\n\n\n\n<p>Salgado Pineda puntualiz\u00f3 que desde el primer momento en que tuvo conocimiento de esos \u00abcondenables hechos\u00bb, instruy\u00f3 al secretario de Seguridad P\u00fablica, Evelio M\u00e9ndez G\u00f3mez a que acudiera de manera personal al lugar de los hechos y coadyuvara en los actos de investigaci\u00f3n para esclarecer este hecho.<\/p>\n\n\n\n<p>Manifest\u00f3 quenla informaci\u00f3n que se tiene, es que los elementos municipales fueron emboscados junto con dos mandos de seguridad de ese municipio, al acudir a una llamada de auxilio.<\/p>\n\n\n\n<p>En este sentido, refiri\u00f3 que ha mantenido comunicaci\u00f3n con el alcalde de Coyuca de Ben\u00edtez, Osiel Pacheco Salas y con el gabinete de seguridad federal para solicitar todo el apoyo posible, para garantizar la seguridad en este municipio.<\/p>\n\n\n\n<p>Tambi\u00e9n instruy\u00f3 al secretario general de gobierno, Ludwig Marcial Reynoso N\u00fa\u00f1ez, como al titular de la Secretar\u00eda de Seguridad P\u00fablica, Evelio M\u00e9ndez, para que mantengan una estrecha comunicaci\u00f3n y coordinaci\u00f3n con el alcalde de Coyuca, en la intenci\u00f3n de reforzar y garantizar la seguridad en esta regi\u00f3n de la Costa Grande.<\/p>\n\n\n\n<p>Dijo que este martes, el presidente de la Rep\u00fablica, Andr\u00e9s Manuel L\u00f3pez Obrador dio a conocer que ya hay un despliegue de al menos 300 elementos de la Guardia Nacional en Guerrero por lo sucedido en Coyuca de Ben\u00edtez.<\/p>\n\n\n\n<p>\u201cEsto es parte del apoyo permanente que tenemos del presidente y que se traduce en mayor presencia en el estado para seguir garantizando la paz, lo cual le agradecemos mucho en estos momentos\u201d, reconoci\u00f3 la gobernadora Salgado Pineda.<\/p>\n","protected":false},"excerpt":{"rendered":"<p>&#8212; Insta a la FGE a que realice una investigaci\u00f3n exhaustiva para esclarecer el caso, que no haya impunidad&#8212; Ordena refuerzo de la seguridad en Costa Grande, con 300 elementos&hellip; <\/p>\n","protected":false},"author":21,"featured_media":70107,"comment_status":"open","ping_status":"open","sticky":false,"template":"","format":"standard","meta":{"fifu_image_url":"","fifu_image_alt":"","footnotes":""},"categories":[11],"tags":[],"class_list":["post-70106","post","type-post","status-publish","format-standard","has-post-thumbnail","hentry","category-guerrero"],"_links":{"self":[{"href":"https:\/\/www.interaccionnoticias.com.mx\/index.php?rest_route=\/wp\/v2\/posts\/70106","targetHints":{"allow":["GET"]}}],"collection":[{"href":"https:\/\/www.interaccionnoticias.com.mx\/index.php?rest_route=\/wp\/v2\/posts"}],"about":[{"href":"https:\/\/www.interaccionnoticias.com.mx\/index.php?rest_route=\/wp\/v2\/types\/post"}],"author":[{"embeddable":true,"href":"https:\/\/www.interaccionnoticias.com.mx\/index.php?rest_route=\/wp\/v2\/users\/21"}],"replies":[{"embeddable":true,"href":"https:\/\/www.interaccionnoticias.com.mx\/index.php?rest_route=%2Fwp%2Fv2%2Fcomments&post=70106"}],"version-history":[{"count":1,"href":"https:\/\/www.interaccionnoticias.com.mx\/index.php?rest_route=\/wp\/v2\/posts\/70106\/revisions"}],"predecessor-version":[{"id":70108,"href":"https:\/\/www.interaccionnoticias.com.mx\/index.php?rest_route=\/wp\/v2\/posts\/70106\/revisions\/70108"}],"wp:featuredmedia":[{"embeddable":true,"href":"https:\/\/www.interaccionnoticias.com.mx\/index.php?rest_route=\/wp\/v2\/media\/70107"}],"wp:attachment":[{"href":"https:\/\/www.interaccionnoticias.com.mx\/index.php?rest_route=%2Fwp%2Fv2%2Fmedia&parent=70106"}],"wp:term":[{"taxonomy":"category","embeddable":true,"href":"https:\/\/www.interaccionnoticias.com.mx\/index.php?rest_route=%2Fwp%2Fv2%2Fcategories&post=70106"},{"taxonomy":"post_tag","embeddable":true,"href":"https:\/\/www.interaccionnoticias.com.mx\/index.php?rest_route=%2Fwp%2Fv2%2Ftags&post=70106"}],"curies":[{"name":"wp","href":"https:\/\/api.w.org\/{rel}","templated":true}]}}