{"id":70103,"date":"2023-10-24T12:38:00","date_gmt":"2023-10-24T17:38:00","guid":{"rendered":"https:\/\/interaccionnoticias.com.mx\/?p=70103"},"modified":"2023-10-25T00:35:11","modified_gmt":"2023-10-25T05:35:11","slug":"por-otis-suspenden-clases-en-el-estado-de-guerrero","status":"publish","type":"post","link":"https:\/\/www.interaccionnoticias.com.mx\/?p=70103","title":{"rendered":"Por \u00abOtis\u00bb suspenden clases en el estado de Guerrero"},"content":{"rendered":"\n<p><strong><em>&#8212; Este martes no tendr\u00e1n clases los turnos vespertinos en Acapulco y costas<br>&#8212; El mi\u00e9rcoles la suspensi\u00f3n es general, en ambos turnos en todos los municipios<\/em><\/strong><\/p>\n\n\n\n<p><strong>Rogelio Agustin \/<br>Javier Trujillo<\/strong><\/p>\n\n\n\n<p>La Secretar\u00eda de Educaci\u00f3n Guerrero (SEG) determin\u00f3 la suspensi\u00f3n de las actividades acad\u00e9micas en dos tiempos; los turnos vespertinos en Acapulco y las dos costas para la tarde de este martes, en tanto que para la jornada del mi\u00e9rcoles estar\u00e1n cerradas todas las escuelas en todos los municipios de la entidad.<\/p>\n\n\n\n<p>La suspensi\u00f3n forma parte de las acciones preventivas adoptadas al seno del Consejo Estatal de Protecci\u00f3n Civil, que se mantiene en sesi\u00f3n permanente desde la noche del 23 de octubre.<\/p>\n\n\n\n<p>Protecci\u00f3n Civil prev\u00e9 que para la tarde del martes 24, la tormenta Tropical \u00abOtis\u00bb adquiera las dimensiones de hurac\u00e1n 1.<\/p>\n\n\n\n<p>Por esa raz\u00f3n, la SEG decidi\u00f3 suspender las clases en el turno vespertino de todas las escuelas ubicadas en el puerto de Acapulco, as\u00ed como en las costas Chica y Grande.<\/p>\n\n\n\n<p>Para la jornada del mi\u00e9rcoles 25, la suspensi\u00f3n ser\u00e1 general, abarcar\u00e1 los dos turnos en los 81 municipios de todos los niveles educativos, para evitar que tanto alumnos como profesores se coloquen en una posici\u00f3n de riesgo.<\/p>\n","protected":false},"excerpt":{"rendered":"<p>&#8212; Este martes no tendr\u00e1n clases los turnos vespertinos en Acapulco y costas&#8212; El mi\u00e9rcoles la suspensi\u00f3n es general, en ambos turnos en todos los municipios Rogelio Agustin \/Javier Trujillo&hellip; <\/p>\n","protected":false},"author":21,"featured_media":70104,"comment_status":"open","ping_status":"open","sticky":false,"template":"","format":"standard","meta":{"fifu_image_url":"","fifu_image_alt":"","footnotes":""},"categories":[6],"tags":[],"class_list":["post-70103","post","type-post","status-publish","format-standard","has-post-thumbnail","hentry","category-educacion"],"_links":{"self":[{"href":"https:\/\/www.interaccionnoticias.com.mx\/index.php?rest_route=\/wp\/v2\/posts\/70103","targetHints":{"allow":["GET"]}}],"collection":[{"href":"https:\/\/www.interaccionnoticias.com.mx\/index.php?rest_route=\/wp\/v2\/posts"}],"about":[{"href":"https:\/\/www.interaccionnoticias.com.mx\/index.php?rest_route=\/wp\/v2\/types\/post"}],"author":[{"embeddable":true,"href":"https:\/\/www.interaccionnoticias.com.mx\/index.php?rest_route=\/wp\/v2\/users\/21"}],"replies":[{"embeddable":true,"href":"https:\/\/www.interaccionnoticias.com.mx\/index.php?rest_route=%2Fwp%2Fv2%2Fcomments&post=70103"}],"version-history":[{"count":1,"href":"https:\/\/www.interaccionnoticias.com.mx\/index.php?rest_route=\/wp\/v2\/posts\/70103\/revisions"}],"predecessor-version":[{"id":70105,"href":"https:\/\/www.interaccionnoticias.com.mx\/index.php?rest_route=\/wp\/v2\/posts\/70103\/revisions\/70105"}],"wp:featuredmedia":[{"embeddable":true,"href":"https:\/\/www.interaccionnoticias.com.mx\/index.php?rest_route=\/wp\/v2\/media\/70104"}],"wp:attachment":[{"href":"https:\/\/www.interaccionnoticias.com.mx\/index.php?rest_route=%2Fwp%2Fv2%2Fmedia&parent=70103"}],"wp:term":[{"taxonomy":"category","embeddable":true,"href":"https:\/\/www.interaccionnoticias.com.mx\/index.php?rest_route=%2Fwp%2Fv2%2Fcategories&post=70103"},{"taxonomy":"post_tag","embeddable":true,"href":"https:\/\/www.interaccionnoticias.com.mx\/index.php?rest_route=%2Fwp%2Fv2%2Ftags&post=70103"}],"curies":[{"name":"wp","href":"https:\/\/api.w.org\/{rel}","templated":true}]}}