{"id":70100,"date":"2023-10-24T12:02:00","date_gmt":"2023-10-24T17:02:00","guid":{"rendered":"https:\/\/interaccionnoticias.com.mx\/?p=70100"},"modified":"2023-10-25T00:28:26","modified_gmt":"2023-10-25T05:28:26","slug":"pospone-la-gobernadora-de-guerrero-su-segundo-informe-de-labores","status":"publish","type":"post","link":"https:\/\/www.interaccionnoticias.com.mx\/?p=70100","title":{"rendered":"Pospone la gobernadora de Guerrero su Segundo Informe de labores"},"content":{"rendered":"\n<p><strong><em>&#8212; El evento se realizar\u00eda en la explanada de Palacio de Goberno a las 11:00 horas<br>&#8212; La gobernadora Evelyn Salgado Pineda manifest\u00f3 que es mejor extremar precauciones<br>&#8212; Para el 9 de moviembre, la nueva fecha del evento<\/em><\/strong><\/p>\n\n\n\n<p><strong>Rogelio Agust\u00edn<\/strong><\/p>\n\n\n\n<p>La gobernadora Evelyn Salgado Pineda decidi\u00f3 posponer el evento en que presentar\u00eda su segundo informe de labores, programado para las 11:00 horas del pr\u00f3ximo jueves 26 de octubre, ante la cercan\u00eda de la tormenta tropical \u201cOtis\u201d.<\/p>\n\n\n\n<p>La ma\u00f1ana del martes 24 de octubre, la titular del Poder Ejecutivo local encanez\u00f3 una reuni\u00f3n con el Consejo Estatal de Protecci\u00f3n Civil, en el que estuvieron alcaldes de las costas Chica y Grandre, adem\u00e1s de la presidenta municipal de Acapulco, Abelila L\u00f3pez Rodr\u00edguez.<\/p>\n\n\n\n<p>Antes del mediod\u00eda, a trav\u00e9s de sus plataformas digitales, la gobernadora Salgado Pineda anunci\u00f3: \u201cDebido a la cercan\u00eda y desplazamiento de la Tormenta Tropical Otis frente a las costas de nuestro estado, hemos decidido posponer el evento de rendici\u00f3n de cuentas de este segundo a\u00f1o de trabajo, para el pr\u00f3ximo jueves 9 de noviembre, a la misma hora y en el mismo lugar, anteponiendo la integridad de las y los guerrerenses\u201d.<\/p>\n\n\n\n<p>El breve comuicado cierra: \u201cLe pido a la poblaci\u00f3n seguir atentos y extremar precauciones\u201d.<\/p>\n\n\n\n<p>Antes, hab\u00eda dicho que es preferible que se le acuse de exagerar, a que se vaya a caer en una omisi\u00f3n con implicaciones delicadas.<\/p>\n\n\n\n<p>Hasta el momento, la alcaldesa de Chilpancingo, Norma Otilia Hern\u00e1ndez Mart\u00ednez no ha informado si suspender\u00e1 el informe que tiene programado el mismo jueves 26, pero a las 17:00 horas.<\/p>\n\n\n\n<p>Hern\u00e1ndez Mart\u00ednez, hab\u00eda dicho que esperaba que muchos de los asistentes al informe de la gobernadora, aprovecharan para quedarse a la sesi\u00f3n que se realizar\u00e1 en la plaza central Primer Congreso de An\u00e1huac.<\/p>\n","protected":false},"excerpt":{"rendered":"<p>&#8212; El evento se realizar\u00eda en la explanada de Palacio de Goberno a las 11:00 horas&#8212; La gobernadora Evelyn Salgado Pineda manifest\u00f3 que es mejor extremar precauciones&#8212; Para el 9&hellip; <\/p>\n","protected":false},"author":21,"featured_media":70101,"comment_status":"open","ping_status":"open","sticky":false,"template":"","format":"standard","meta":{"fifu_image_url":"","fifu_image_alt":"","footnotes":""},"categories":[11],"tags":[],"class_list":["post-70100","post","type-post","status-publish","format-standard","has-post-thumbnail","hentry","category-guerrero"],"_links":{"self":[{"href":"https:\/\/www.interaccionnoticias.com.mx\/index.php?rest_route=\/wp\/v2\/posts\/70100","targetHints":{"allow":["GET"]}}],"collection":[{"href":"https:\/\/www.interaccionnoticias.com.mx\/index.php?rest_route=\/wp\/v2\/posts"}],"about":[{"href":"https:\/\/www.interaccionnoticias.com.mx\/index.php?rest_route=\/wp\/v2\/types\/post"}],"author":[{"embeddable":true,"href":"https:\/\/www.interaccionnoticias.com.mx\/index.php?rest_route=\/wp\/v2\/users\/21"}],"replies":[{"embeddable":true,"href":"https:\/\/www.interaccionnoticias.com.mx\/index.php?rest_route=%2Fwp%2Fv2%2Fcomments&post=70100"}],"version-history":[{"count":1,"href":"https:\/\/www.interaccionnoticias.com.mx\/index.php?rest_route=\/wp\/v2\/posts\/70100\/revisions"}],"predecessor-version":[{"id":70102,"href":"https:\/\/www.interaccionnoticias.com.mx\/index.php?rest_route=\/wp\/v2\/posts\/70100\/revisions\/70102"}],"wp:featuredmedia":[{"embeddable":true,"href":"https:\/\/www.interaccionnoticias.com.mx\/index.php?rest_route=\/wp\/v2\/media\/70101"}],"wp:attachment":[{"href":"https:\/\/www.interaccionnoticias.com.mx\/index.php?rest_route=%2Fwp%2Fv2%2Fmedia&parent=70100"}],"wp:term":[{"taxonomy":"category","embeddable":true,"href":"https:\/\/www.interaccionnoticias.com.mx\/index.php?rest_route=%2Fwp%2Fv2%2Fcategories&post=70100"},{"taxonomy":"post_tag","embeddable":true,"href":"https:\/\/www.interaccionnoticias.com.mx\/index.php?rest_route=%2Fwp%2Fv2%2Ftags&post=70100"}],"curies":[{"name":"wp","href":"https:\/\/api.w.org\/{rel}","templated":true}]}}