{"id":7007,"date":"2017-08-05T23:22:07","date_gmt":"2017-08-06T04:22:07","guid":{"rendered":"http:\/\/www.inter-accion.com.mx\/?p=7007"},"modified":"2017-08-05T23:22:07","modified_gmt":"2017-08-06T04:22:07","slug":"niega-lider-de-la-upoeg-vinculos-con-el-cartel-de-la-sierra","status":"publish","type":"post","link":"https:\/\/www.interaccionnoticias.com.mx\/?p=7007","title":{"rendered":"Niega l\u00edder de la UPOEG v\u00ednculos con el C\u00e1rtel de la Sierra"},"content":{"rendered":"<p>Tambi\u00e9n se desmarca de la autodefensa en Chichihualco<br \/>\nEl dirigente de la Uni\u00f3n de Pueblos y Organizaciones del Estado de Guerrero (UPOEG), Bruno Pl\u00e1cido Valerio, neg\u00f3 que tenga v\u00ednculos con Isaac Navarrete Celis, alias El Se\u00f1or de la I, presunto l\u00edder del C\u00e1rtel de la Sierra.<br \/>\nLos se\u00f1alamientos de una posible alianza entre Pl\u00e1cido Valerio y el jefe criminal crecieron desde hace meses, con la incursi\u00f3n de la Polic\u00eda Ciudadana de la UPOEG en varias comunidades de la sierra de Chilpancingo, Leonardo Bravo y Heliodoro Castillo.<br \/>\nEn entrevista, el l\u00edder de la autodefensa neg\u00f3 los se\u00f1alamientos y afirm\u00f3 que no tiene relaci\u00f3n con El Se\u00f1or de la I, ni con alg\u00fan otro criminal.<br \/>\nDe acuerdo con Pl\u00e1cido Valerio, la UPOEG tiene una fuerza de 5 mil 600 polic\u00edas ciudadanos distribuidos en varias localidades de las regiones Costa Chica, Acapulco, Centro y Sierra.<br \/>\nReconoci\u00f3 que dicha estructura resulta de inter\u00e9s para los grupos delictivos, por lo que no descart\u00f3 que haya \u201cinfiltrados\u201d en las filas de la Polic\u00eda Ciudadana.<br \/>\nSn embargo, insisti\u00f3 en que ni \u00e9l como dirigente, ni la UPOEG como organizaci\u00f3n, tienen alianza con la delincuencia organizada.<br \/>\n\u201cUno de los objetivos principales por los que surgi\u00f3 la UPOEG hace cuatro a\u00f1os es defender a la poblaci\u00f3n ante la inseguridad y no se puede desviar ese proyecto para otros fines. Infiltrados puede haber, pero para eso est\u00e1n las asambleas de los pueblos, para depurarlos\u201d, expuso el l\u00edder ind\u00edgena.<br \/>\nPl\u00e1cido Valerio coment\u00f3 que ha recibido llamadas y mensajes de la delincuencia con amenazas de muerte.<br \/>\nHasta el momento, dijo, ning\u00fan l\u00edder criminal lo ha buscado para convertir a la Polic\u00eda Ciudadana en el brazo armado de alguna estructura delictiva.<br \/>\nY si alg\u00fan d\u00eda lo hicieran, afirm\u00f3 que no entregar\u00eda el movimiento. &nbsp;<br \/>\n\u201cEl objetivo principal es buscar la tranquilidad de los pueblos, no prestarse a otros fines. Si lo hiciera, estar\u00eda cometiendo los errores que tanto he criticado de otros\u201d, asever\u00f3.<br \/>\nEn este sentido, se le cuestion\u00f3 sobre la operaci\u00f3n de la UPOEG pueblos de la sierra que se dedican a la siembra de amapola.<br \/>\n\u201cEs un asunto del que no hay que espantarnos\u201d, respondi\u00f3 Pl\u00e1cido Valerio. \u201cEn la sierra se siembran enervantes porque han faltado pol\u00edticas p\u00fablicas\u201d.<br \/>\nPor ello, insisti\u00f3 en que \u201ctodos los pueblos son bienvenidos en la UPOEG\u201d, con el \u00fanico requisito de que conformen una asamblea comunitaria y a partir de all\u00ed se tracen los objetivos, se conforme y se controle su polic\u00eda ciudadana.<br \/>\n\u00bfSon bienvenidos todos los pueblos?, \u00bfincluso los que abiertamente se dedican a la siembra de enervantes?, se le cuestion\u00f3.<br \/>\n\u201cTodos. Aqu\u00ed lo primero que hay que atender es un problema de inseguridad. No podemos generalizar a todos los pueblos de la sierra como criminales, no podemos satanizarlos. Cada cosa tiene un origen y a esa profundidad hay que resolverlo\u201d, sentenci\u00f3.<br \/>\nPl\u00e1cido Valerio revel\u00f3 que, si bien hasta ahora ha sido el l\u00edder y vocero de la UPOEG, \u201cm\u00e1s adelante se conformar\u00e1 un Consejo Estatal de Representaci\u00f3n de los Pueblos\u201d.<br \/>\nDe tal manera, ser\u00eda la estructura estatal la que defina el rumbo de la organizaci\u00f3n y no \u00e9l como l\u00edder \u00fanico.<br \/>\nTambi\u00e9n manifest\u00f3 su disposici\u00f3n de \u201cpresentar a todos los elementos de la Polic\u00eda Ciudadana, por municipio, ante las asambleas de los pueblos, para que desfilen y p\u00fablicamente se depuren\u201d<br \/>\nAdem\u00e1s, dijo que ya est\u00e1n consensando la propuesta de presentar a los elementos de la UPOEG ante los gobiernos estatal y federal, para que si alguno tenga se\u00f1alamientos como criminal, sea depurado de la organizaci\u00f3n.<br \/>\nEl objetivo, seg\u00fan Pl\u00e1cido Valerio, es demostrar que la UPOEG no se sirve ni le sirve a la delincuencia.<\/p>\n","protected":false},"excerpt":{"rendered":"<p>Tambi\u00e9n se desmarca de la autodefensa en Chichihualco El dirigente de la Uni\u00f3n de Pueblos y Organizaciones del Estado de Guerrero (UPOEG), Bruno Pl\u00e1cido Valerio, neg\u00f3 que tenga v\u00ednculos con&hellip; <\/p>\n","protected":false},"author":1,"featured_media":0,"comment_status":"closed","ping_status":"closed","sticky":false,"template":"","format":"standard","meta":{"fifu_image_url":"","fifu_image_alt":"","footnotes":""},"categories":[8,27],"tags":[],"class_list":["post-7007","post","type-post","status-publish","format-standard","hentry","category-featured","category-seguridad-publica"],"_links":{"self":[{"href":"https:\/\/www.interaccionnoticias.com.mx\/index.php?rest_route=\/wp\/v2\/posts\/7007","targetHints":{"allow":["GET"]}}],"collection":[{"href":"https:\/\/www.interaccionnoticias.com.mx\/index.php?rest_route=\/wp\/v2\/posts"}],"about":[{"href":"https:\/\/www.interaccionnoticias.com.mx\/index.php?rest_route=\/wp\/v2\/types\/post"}],"author":[{"embeddable":true,"href":"https:\/\/www.interaccionnoticias.com.mx\/index.php?rest_route=\/wp\/v2\/users\/1"}],"replies":[{"embeddable":true,"href":"https:\/\/www.interaccionnoticias.com.mx\/index.php?rest_route=%2Fwp%2Fv2%2Fcomments&post=7007"}],"version-history":[{"count":0,"href":"https:\/\/www.interaccionnoticias.com.mx\/index.php?rest_route=\/wp\/v2\/posts\/7007\/revisions"}],"wp:attachment":[{"href":"https:\/\/www.interaccionnoticias.com.mx\/index.php?rest_route=%2Fwp%2Fv2%2Fmedia&parent=7007"}],"wp:term":[{"taxonomy":"category","embeddable":true,"href":"https:\/\/www.interaccionnoticias.com.mx\/index.php?rest_route=%2Fwp%2Fv2%2Fcategories&post=7007"},{"taxonomy":"post_tag","embeddable":true,"href":"https:\/\/www.interaccionnoticias.com.mx\/index.php?rest_route=%2Fwp%2Fv2%2Ftags&post=7007"}],"curies":[{"name":"wp","href":"https:\/\/api.w.org\/{rel}","templated":true}]}}