{"id":7004,"date":"2017-08-05T23:17:36","date_gmt":"2017-08-06T04:17:36","guid":{"rendered":"http:\/\/www.inter-accion.com.mx\/?p=7004"},"modified":"2017-08-05T23:17:36","modified_gmt":"2017-08-06T04:17:36","slug":"anuncia-el-gobierno-apoyo-para-comunidades-afectadas-por-a-lluvia-en-la-montana","status":"publish","type":"post","link":"https:\/\/www.interaccionnoticias.com.mx\/?p=7004","title":{"rendered":"Anuncia el gobierno apoyo para comunidades afectadas por a lluvia en la Monta\u00f1a"},"content":{"rendered":"<p>El gobernador H\u00e9ctor Astudillo Flores anticip\u00f3 que se dar\u00e1 el respaldo institucional a las familias que resulten damnificadas por las lluvias en la Monta\u00f1a, regi\u00f3n Centro y Costa Chica.<br \/>\nLa tarde del s\u00e1bado 5 de agosto, el jefe del Poder Ejecutivo local fue cuestionado sobre la manera en que apoyar\u00e1 a las familias que sufrieron la p\u00e9rdida de ganado y sus cosechas, a consecuencia de las intensas lluvias que se registraron durante los \u00faltimos d\u00edas.<br \/>\nRecord\u00f3 que ya hace algunos d\u00edas envi\u00f3 diferentes apoyos a las familia afectadas en Tlapa, municipio de la Monta\u00f1a y Tlacochistlahuaca, en la Costa Chica de la entidad.<br \/>\nEn el caso de Acatepec, dijo que la Secretar\u00eda de Protecci\u00f3n Civil, a cargo de Marcos C\u00e9sar Mayares ya se dio a la tarea de realizar un diagn\u00f3stico para establecer la dimensi\u00f3n del problema, para efecto de establecer si procede o no la declaratoria de desastre.<br \/>\nLa jornada del viernes, el presidente municipal de Acatepec, Jer\u00f3nimo Mora Sixto solicit\u00f3 al gobierno estatal que interceda ante la federaci\u00f3n para que en ese municipio se emita la declaratoria de desastre, dada la cantidad de cultivos y animales de crianza que se perdieron a causa del mal tiempo.&nbsp;&nbsp;<br \/>\nEl secretario de Protecci\u00f3n Civil,&nbsp;&nbsp;Marcos C\u00e9sar Mayares manifest\u00f3 que ya est\u00e1 en proceso la elaboraci\u00f3n del dictamen sobre la situaci\u00f3n que prevalece ah\u00ed, por lo que en breve se tendr\u00e1 un panorama real.<br \/>\nMientras, dijo que ya se enviaron algunos materiales para que las familias afectadas puedan enfrentar los primeros d\u00edas de la contingencia.<\/p>\n","protected":false},"excerpt":{"rendered":"<p>El gobernador H\u00e9ctor Astudillo Flores anticip\u00f3 que se dar\u00e1 el respaldo institucional a las familias que resulten damnificadas por las lluvias en la Monta\u00f1a, regi\u00f3n Centro y Costa Chica. La&hellip; <\/p>\n","protected":false},"author":1,"featured_media":0,"comment_status":"closed","ping_status":"closed","sticky":false,"template":"","format":"standard","meta":{"fifu_image_url":"","fifu_image_alt":"","footnotes":""},"categories":[8,11],"tags":[],"class_list":["post-7004","post","type-post","status-publish","format-standard","hentry","category-featured","category-guerrero"],"_links":{"self":[{"href":"https:\/\/www.interaccionnoticias.com.mx\/index.php?rest_route=\/wp\/v2\/posts\/7004","targetHints":{"allow":["GET"]}}],"collection":[{"href":"https:\/\/www.interaccionnoticias.com.mx\/index.php?rest_route=\/wp\/v2\/posts"}],"about":[{"href":"https:\/\/www.interaccionnoticias.com.mx\/index.php?rest_route=\/wp\/v2\/types\/post"}],"author":[{"embeddable":true,"href":"https:\/\/www.interaccionnoticias.com.mx\/index.php?rest_route=\/wp\/v2\/users\/1"}],"replies":[{"embeddable":true,"href":"https:\/\/www.interaccionnoticias.com.mx\/index.php?rest_route=%2Fwp%2Fv2%2Fcomments&post=7004"}],"version-history":[{"count":0,"href":"https:\/\/www.interaccionnoticias.com.mx\/index.php?rest_route=\/wp\/v2\/posts\/7004\/revisions"}],"wp:attachment":[{"href":"https:\/\/www.interaccionnoticias.com.mx\/index.php?rest_route=%2Fwp%2Fv2%2Fmedia&parent=7004"}],"wp:term":[{"taxonomy":"category","embeddable":true,"href":"https:\/\/www.interaccionnoticias.com.mx\/index.php?rest_route=%2Fwp%2Fv2%2Fcategories&post=7004"},{"taxonomy":"post_tag","embeddable":true,"href":"https:\/\/www.interaccionnoticias.com.mx\/index.php?rest_route=%2Fwp%2Fv2%2Ftags&post=7004"}],"curies":[{"name":"wp","href":"https:\/\/api.w.org\/{rel}","templated":true}]}}