{"id":69635,"date":"2023-10-15T19:48:44","date_gmt":"2023-10-16T00:48:44","guid":{"rendered":"https:\/\/interaccionnoticias.com.mx\/?p=69635"},"modified":"2023-10-15T19:48:46","modified_gmt":"2023-10-16T00:48:46","slug":"ataque-en-buenavista-de-la-salud-deja-dos-personas-heridas","status":"publish","type":"post","link":"https:\/\/www.interaccionnoticias.com.mx\/?p=69635","title":{"rendered":"Ataque en Buenavista de la Salud deja dos personas heridas"},"content":{"rendered":"\n<p><strong><em>&#8212; Por su cuenta, las v\u00edctimas buscaron atenci\u00f3n m\u00e9dica<\/em><\/strong><\/p>\n\n\n\n<p><strong>Jes\u00fas Dorantes<\/strong><\/p>\n\n\n\n<p><strong>Chilpancingo, Gro.-<\/strong> Un ataque con armas largas en contra de un veh\u00edculo, en la comunidad de Buenavista de la Salud dej\u00f3 dos personas heridas, mismas que fueron trasladadas por pobladores para recibir atenci\u00f3n m\u00e9dica, al no llegar ninguna autoridad.<\/p>\n\n\n\n<p>El reporte a las autoridades sobre un presunto enfrentamiento se gener\u00f3 a las 11:00 horas del domingo, pero al paso de casi una hora, no se hab\u00eda presentado ninguna autoridad para constatar el hecho.<\/p>\n\n\n\n<p>Medios de comunicaci\u00f3n locales confirmaron que sobre la avenida los Establos, en la referida comunidad de Chilpancingo, se encontraba un veh\u00edculo Camry de la marca Toyota, color negro con placas de circulaci\u00f3n HEB-686-D.<\/p>\n\n\n\n<p>El veh\u00edculo presentaba varios impactos de arma de fuego en el cofre, parabrisas y las puertas, adem\u00e1s de una mancha de sangre al exterior, sobre el suelo, d\u00f3nde tambi\u00e9n hab\u00eda casquillos de arma R-15 y AK-47.<\/p>\n\n\n\n<p>Hasta el momento de desconoce el estado de salud y la identidad de las v\u00edctimas.<\/p>\n","protected":false},"excerpt":{"rendered":"<p>&#8212; Por su cuenta, las v\u00edctimas buscaron atenci\u00f3n m\u00e9dica Jes\u00fas Dorantes Chilpancingo, Gro.- Un ataque con armas largas en contra de un veh\u00edculo, en la comunidad de Buenavista de la&hellip; <\/p>\n","protected":false},"author":8,"featured_media":69636,"comment_status":"open","ping_status":"open","sticky":false,"template":"","format":"standard","meta":{"fifu_image_url":"","fifu_image_alt":"","footnotes":""},"categories":[27],"tags":[],"class_list":["post-69635","post","type-post","status-publish","format-standard","has-post-thumbnail","hentry","category-seguridad-publica"],"_links":{"self":[{"href":"https:\/\/www.interaccionnoticias.com.mx\/index.php?rest_route=\/wp\/v2\/posts\/69635","targetHints":{"allow":["GET"]}}],"collection":[{"href":"https:\/\/www.interaccionnoticias.com.mx\/index.php?rest_route=\/wp\/v2\/posts"}],"about":[{"href":"https:\/\/www.interaccionnoticias.com.mx\/index.php?rest_route=\/wp\/v2\/types\/post"}],"author":[{"embeddable":true,"href":"https:\/\/www.interaccionnoticias.com.mx\/index.php?rest_route=\/wp\/v2\/users\/8"}],"replies":[{"embeddable":true,"href":"https:\/\/www.interaccionnoticias.com.mx\/index.php?rest_route=%2Fwp%2Fv2%2Fcomments&post=69635"}],"version-history":[{"count":1,"href":"https:\/\/www.interaccionnoticias.com.mx\/index.php?rest_route=\/wp\/v2\/posts\/69635\/revisions"}],"predecessor-version":[{"id":69637,"href":"https:\/\/www.interaccionnoticias.com.mx\/index.php?rest_route=\/wp\/v2\/posts\/69635\/revisions\/69637"}],"wp:featuredmedia":[{"embeddable":true,"href":"https:\/\/www.interaccionnoticias.com.mx\/index.php?rest_route=\/wp\/v2\/media\/69636"}],"wp:attachment":[{"href":"https:\/\/www.interaccionnoticias.com.mx\/index.php?rest_route=%2Fwp%2Fv2%2Fmedia&parent=69635"}],"wp:term":[{"taxonomy":"category","embeddable":true,"href":"https:\/\/www.interaccionnoticias.com.mx\/index.php?rest_route=%2Fwp%2Fv2%2Fcategories&post=69635"},{"taxonomy":"post_tag","embeddable":true,"href":"https:\/\/www.interaccionnoticias.com.mx\/index.php?rest_route=%2Fwp%2Fv2%2Ftags&post=69635"}],"curies":[{"name":"wp","href":"https:\/\/api.w.org\/{rel}","templated":true}]}}