{"id":69632,"date":"2023-10-15T19:44:58","date_gmt":"2023-10-16T00:44:58","guid":{"rendered":"https:\/\/interaccionnoticias.com.mx\/?p=69632"},"modified":"2023-10-15T19:45:00","modified_gmt":"2023-10-16T00:45:00","slug":"dos-personas-heridas-deja-asalto-a-panaderia-en-el-centro-de-chilpancingo","status":"publish","type":"post","link":"https:\/\/www.interaccionnoticias.com.mx\/?p=69632","title":{"rendered":"Dos personas heridas, deja asalto a panader\u00eda en el centro de Chilpancingo"},"content":{"rendered":"\n<p><strong><em>&#8212; Un hombre y una mujer, las v\u00edctimas de asaltante<\/em><\/strong><\/p>\n\n\n\n<p><strong>Jes\u00fas Dorantes<\/strong><\/p>\n\n\n\n<p><strong>Chilpancingo, Gro.- <\/strong>Una mujer y un hombre lesionados por arma blanca, fue el saldo que dej\u00f3 un asalto cometido en una panader\u00eda del barrio de San Francisco, ubicada en el centro de la capital de Guerrero.<\/p>\n\n\n\n<p>El hecho se registr\u00f3 la ma\u00f1ana del domingo, cuando los trabajadores de la panader\u00eda de nombre \u201cLa Asunci\u00f3n\u201d se resistieron a un asalto, por lo que fueron atacados con un cuchillo por un ladr\u00f3n.<\/p>\n\n\n\n<p>Hasta el local que se encuentra en la calle Juan Ruiz de Alarc\u00f3n, en el centro de Chilpancingo arribaron polic\u00edas municipales y al localizar a los heridos solicitaron el apoyo de los servicios de emergencia.<\/p>\n\n\n\n<p>Los primeros reportes indican que un hombre armado con un cuchillo lleg\u00f3 hasta la panader\u00eda y exigi\u00f3 a Julio C\u00e9sar \u00abN\u00bb y Dominga \u00abN\u00bb el dinero de la venta, pero al intentar darse a la fuga forcejeo con los trabajadores caus\u00e1ndoles varias lesiones.<\/p>\n","protected":false},"excerpt":{"rendered":"<p>&#8212; Un hombre y una mujer, las v\u00edctimas de asaltante Jes\u00fas Dorantes Chilpancingo, Gro.- Una mujer y un hombre lesionados por arma blanca, fue el saldo que dej\u00f3 un asalto&hellip; <\/p>\n","protected":false},"author":8,"featured_media":69633,"comment_status":"open","ping_status":"open","sticky":false,"template":"","format":"standard","meta":{"fifu_image_url":"","fifu_image_alt":"","footnotes":""},"categories":[27],"tags":[],"class_list":["post-69632","post","type-post","status-publish","format-standard","has-post-thumbnail","hentry","category-seguridad-publica"],"_links":{"self":[{"href":"https:\/\/www.interaccionnoticias.com.mx\/index.php?rest_route=\/wp\/v2\/posts\/69632","targetHints":{"allow":["GET"]}}],"collection":[{"href":"https:\/\/www.interaccionnoticias.com.mx\/index.php?rest_route=\/wp\/v2\/posts"}],"about":[{"href":"https:\/\/www.interaccionnoticias.com.mx\/index.php?rest_route=\/wp\/v2\/types\/post"}],"author":[{"embeddable":true,"href":"https:\/\/www.interaccionnoticias.com.mx\/index.php?rest_route=\/wp\/v2\/users\/8"}],"replies":[{"embeddable":true,"href":"https:\/\/www.interaccionnoticias.com.mx\/index.php?rest_route=%2Fwp%2Fv2%2Fcomments&post=69632"}],"version-history":[{"count":1,"href":"https:\/\/www.interaccionnoticias.com.mx\/index.php?rest_route=\/wp\/v2\/posts\/69632\/revisions"}],"predecessor-version":[{"id":69634,"href":"https:\/\/www.interaccionnoticias.com.mx\/index.php?rest_route=\/wp\/v2\/posts\/69632\/revisions\/69634"}],"wp:featuredmedia":[{"embeddable":true,"href":"https:\/\/www.interaccionnoticias.com.mx\/index.php?rest_route=\/wp\/v2\/media\/69633"}],"wp:attachment":[{"href":"https:\/\/www.interaccionnoticias.com.mx\/index.php?rest_route=%2Fwp%2Fv2%2Fmedia&parent=69632"}],"wp:term":[{"taxonomy":"category","embeddable":true,"href":"https:\/\/www.interaccionnoticias.com.mx\/index.php?rest_route=%2Fwp%2Fv2%2Fcategories&post=69632"},{"taxonomy":"post_tag","embeddable":true,"href":"https:\/\/www.interaccionnoticias.com.mx\/index.php?rest_route=%2Fwp%2Fv2%2Ftags&post=69632"}],"curies":[{"name":"wp","href":"https:\/\/api.w.org\/{rel}","templated":true}]}}