{"id":69541,"date":"2023-10-12T16:54:00","date_gmt":"2023-10-12T21:54:00","guid":{"rendered":"https:\/\/interaccionnoticias.com.mx\/?p=69541"},"modified":"2023-10-12T22:34:34","modified_gmt":"2023-10-13T03:34:34","slug":"lider-del-congreso-desestima-las-denuncias-del-pri-y-del-prd-contra-la-gobernadora","status":"publish","type":"post","link":"https:\/\/www.interaccionnoticias.com.mx\/?p=69541","title":{"rendered":"L\u00edder del Congreso desestima las denuncias del PRI y del PRD contra la gobernadora"},"content":{"rendered":"\n<p><strong><em>&#8212; \u201cEs por los tiempos electorales\u201d, sostiene Yoloczin Dom\u00ednguez Serna<\/em><\/strong><\/p>\n\n\n\n<p><strong>Jes\u00fas Dorantes<\/strong><\/p>\n\n\n\n<p><strong>Chilpancingo, Gro.-<\/strong> La diputada presidenta de la Junta de Coordinaci\u00f3n Pol\u00edtica (JUCOPO) del Congreso Yoloczin Dom\u00ednguez Serna, aseguro que las denuncias en contra de la gobernadora Evelyn Salgado Pineda por parte del PRI y el PRD son parte del inicio de los tiempos electorales<\/p>\n\n\n\n<p>Consultada en el Congreso sobre una postura de parte de la bancada de MORENA ante las denuncias realizadas en instancias electorales por parte de los partidos del bloque opositor, quienes acusan a la mandataria guerrerense de participar en un evento de proselitismo de la ex jefa de gobierno Claudia Sheinboum en Chilpancingo.<\/p>\n\n\n\n<p>La tambi\u00e9n presienta de la JUCOPO advirti\u00f3 que los se\u00f1alamientos carecen de fundamentos, \u201cSe vienen tiempos electorales y estamos expuestos a se\u00f1alamientos y ataques infundados por parte de los actores pol\u00edticos\u201d.<\/p>\n\n\n\n<p>Adem\u00e1s de hacer referencia a que el hecho de que las mujeres ocupen cargos p\u00fablicos tambi\u00e9n implica que se encuentren bajo la mira de otros grupos pol\u00edticos y se les exija m\u00e1s que a un funcionario var\u00f3n.<\/p>\n\n\n\n<p>\u201cLamento mucho que cuando un hombre est\u00e1 en un espacio de la toma de decisiones importantes en el estado se le exige como debe de ser, pero hoy que est\u00e1 una mujer al frente y haciendo trabajos bastante favorables para nuestro estado, no solo se le exige, se le presiona, se le se\u00f1ala\u201d.<\/p>\n\n\n\n<p>Tambi\u00e9n Dom\u00ednguez Serna refiri\u00f3 que al igual que la gobernadora las mujeres que ocupan cargos p\u00fablicos siempre tienen que ser un mayor esfuerzo y que viven tras una presi\u00f3n constante,\u201cSiempre por ser mujeres hay que tener el doble o el triple de esfuerzos porque as\u00ed tiene que ser aqu\u00ed, y es una presi\u00f3n constante, adem\u00e1s de se\u00f1alamientos que muchas veces son infundados\u201d.<\/p>\n\n\n\n<p>Por lo que enfatiz\u00f3 que los tiempos electorales tendr\u00e1n situaciones como la que se vive con la gobernadora Evelyn Salgado Pineda, a la que refrend\u00f3 todo su \u201capoyo y respaldo\u201d desde el Congreso local .<\/p>\n","protected":false},"excerpt":{"rendered":"<p>&#8212; \u201cEs por los tiempos electorales\u201d, sostiene Yoloczin Dom\u00ednguez Serna Jes\u00fas Dorantes Chilpancingo, Gro.- La diputada presidenta de la Junta de Coordinaci\u00f3n Pol\u00edtica (JUCOPO) del Congreso Yoloczin Dom\u00ednguez Serna, aseguro&hellip; <\/p>\n","protected":false},"author":8,"featured_media":69542,"comment_status":"open","ping_status":"open","sticky":false,"template":"","format":"standard","meta":{"fifu_image_url":"","fifu_image_alt":"","footnotes":""},"categories":[21],"tags":[],"class_list":["post-69541","post","type-post","status-publish","format-standard","has-post-thumbnail","hentry","category-politica"],"_links":{"self":[{"href":"https:\/\/www.interaccionnoticias.com.mx\/index.php?rest_route=\/wp\/v2\/posts\/69541","targetHints":{"allow":["GET"]}}],"collection":[{"href":"https:\/\/www.interaccionnoticias.com.mx\/index.php?rest_route=\/wp\/v2\/posts"}],"about":[{"href":"https:\/\/www.interaccionnoticias.com.mx\/index.php?rest_route=\/wp\/v2\/types\/post"}],"author":[{"embeddable":true,"href":"https:\/\/www.interaccionnoticias.com.mx\/index.php?rest_route=\/wp\/v2\/users\/8"}],"replies":[{"embeddable":true,"href":"https:\/\/www.interaccionnoticias.com.mx\/index.php?rest_route=%2Fwp%2Fv2%2Fcomments&post=69541"}],"version-history":[{"count":1,"href":"https:\/\/www.interaccionnoticias.com.mx\/index.php?rest_route=\/wp\/v2\/posts\/69541\/revisions"}],"predecessor-version":[{"id":69543,"href":"https:\/\/www.interaccionnoticias.com.mx\/index.php?rest_route=\/wp\/v2\/posts\/69541\/revisions\/69543"}],"wp:featuredmedia":[{"embeddable":true,"href":"https:\/\/www.interaccionnoticias.com.mx\/index.php?rest_route=\/wp\/v2\/media\/69542"}],"wp:attachment":[{"href":"https:\/\/www.interaccionnoticias.com.mx\/index.php?rest_route=%2Fwp%2Fv2%2Fmedia&parent=69541"}],"wp:term":[{"taxonomy":"category","embeddable":true,"href":"https:\/\/www.interaccionnoticias.com.mx\/index.php?rest_route=%2Fwp%2Fv2%2Fcategories&post=69541"},{"taxonomy":"post_tag","embeddable":true,"href":"https:\/\/www.interaccionnoticias.com.mx\/index.php?rest_route=%2Fwp%2Fv2%2Ftags&post=69541"}],"curies":[{"name":"wp","href":"https:\/\/api.w.org\/{rel}","templated":true}]}}