{"id":69531,"date":"2023-10-12T16:45:00","date_gmt":"2023-10-12T21:45:00","guid":{"rendered":"https:\/\/interaccionnoticias.com.mx\/?p=69531"},"modified":"2023-10-12T22:15:04","modified_gmt":"2023-10-13T03:15:04","slug":"prd-reprocha-inoperancia-en-la-fge-guerrero-ante-la-desaparicion-y-asesinato-de-activista-lgbt","status":"publish","type":"post","link":"https:\/\/www.interaccionnoticias.com.mx\/?p=69531","title":{"rendered":"PRD reprocha inoperancia en la FGE-Guerrero, ante la desaparici\u00f3n y asesinato de activista LGBT"},"content":{"rendered":"\n<p><strong><em>&#8212; \u201cEl de Mois\u00e9s Tom\u00e1s Ju\u00e1rez Abarca y sus seis compa\u00f1eros no puede ser una carpeta de investigaci\u00f3n m\u00e1s\u201d, se\u00f1ala el CEE del partido del sol azteca<\/em><\/strong><\/p>\n\n\n\n<p><strong>Rogelio Agust\u00edn<\/strong><\/p>\n\n\n\n<p>El Comit\u00e9 Ejecutivo Estatal (CEE) del PRD reproch\u00f3 que la Fiscal\u00eda General del Estado (FGE) no haya implementado las acciones encaminadas a impedir el asesinato del activista de la comunidad LGBT Mois\u00e9s Tom\u00e1s Ju\u00e1rez Abarca, quien fue localizado junto con 17 personas m\u00e1s en las fosas clandestinas del parque nacional El Veladero.<\/p>\n\n\n\n<p>V\u00eda comunicado, el CEE del partido del sol azteca lament\u00f3 que este jueves 12 de octubre se haya confirmado la identificaci\u00f3n de Mois\u00e9s Tom\u00e1s Ju\u00e1rez Abarca, activista de la comunidad LGBT y militante activo del PRD hasta el momento en que fue v\u00edctima de privaci\u00f3n de la libertad y asesinato.<\/p>\n\n\n\n<p>Ju\u00e1rez Abarca fue desaparecido a principio de septiembre junto con seis j\u00f3venes m\u00e1s cuando se dirig\u00edan hacia un centro de rehabilitaci\u00f3n para personas con adicciones, en la zona conurbada de Acapulco.<\/p>\n\n\n\n<p>Durante los primeros d\u00edas de octubre, integrantes de colectivos de familiares de personas desaparecidas, lograron la recuperaci\u00f3n de 17 cad\u00e1veres en fosas clandestinas localizadas en el parque El Veladero.<\/p>\n\n\n\n<p>De los 17 cad\u00e1veres, hasta este jueves 12 de octubre se ha confirmado la identificaci\u00f3n de 11, entre ellos Ju\u00e1rez Abarca, de quien el PRD este mismo d\u00eda lament\u00f3 el asesinato y expres\u00f3 sus condolencias para la familia.<\/p>\n\n\n\n<p>En el comunicado emitido este 12 de octubre, la dirigencia del PRD-Guerrero se\u00f1ala: \u201cCondenamos que las investigaciones de la Fiscal\u00eda General del Estado no hayan tenido la capacidad de localizar a Dani Moy antes de que esta estrategia sucediera\u201d.<\/p>\n\n\n\n<p>El comunicado se\u00f1ala: \u201cEsa falta de acci\u00f3n tan alarmante tuvo que ser atendida por los propios familiares de las v\u00edctimas de desaparici\u00f3n forzada, exhibiendo las penosas deficiencias en el sistema de seguridad y justicia que prevalecen en el gobierno estatal\u201d.<\/p>\n\n\n\n<p>Se refieren a Mois\u00e9s Tom\u00e1s como un dirigente importante y valioso, \u201cextraordinario l\u00edder e incansable defensor de los derechos de la comunidad LGBT. No merec\u00eda este tr\u00e1gico destino\u201d.<\/p>\n\n\n\n<p>El CEE del PRD, encabezado por Alberto Catal\u00e1n Bastida refiere que no se debe permitir que el caso de los j\u00f3venes desaparecidos y asesinados en Acapulco se convierta en una carpeta de investigaci\u00f3n m\u00e1s; sin la detenci\u00f3n de los responsables materiales e intelectuales.<\/p>\n\n\n\n<div class=\"wp-block-jetpack-slideshow aligncenter\" data-effect=\"slide\"><div class=\"wp-block-jetpack-slideshow_container swiper-container\"><ul class=\"wp-block-jetpack-slideshow_swiper-wrapper swiper-wrapper\"><li class=\"wp-block-jetpack-slideshow_slide swiper-slide\"><figure><img decoding=\"async\" src=\"data:image\/gif;base64,R0lGODlhAQABAIAAAAAAAP\/\/\/ywAAAAAAQABAAACAUwAOw==\" fifu-lazy=\"1\" fifu-data-sizes=\"auto\" fifu-data-srcset=\"https:\/\/i0.wp.com\/interaccionnoticias.com.mx\/wp-content\/uploads\/2023\/10\/231012-PRD-2-790x1024.jpg?ssl=1&w=75&resize=75&ssl=1 75w, https:\/\/i0.wp.com\/interaccionnoticias.com.mx\/wp-content\/uploads\/2023\/10\/231012-PRD-2-790x1024.jpg?ssl=1&w=100&resize=100&ssl=1 100w, https:\/\/i0.wp.com\/interaccionnoticias.com.mx\/wp-content\/uploads\/2023\/10\/231012-PRD-2-790x1024.jpg?ssl=1&w=150&resize=150&ssl=1 150w, https:\/\/i0.wp.com\/interaccionnoticias.com.mx\/wp-content\/uploads\/2023\/10\/231012-PRD-2-790x1024.jpg?ssl=1&w=240&resize=240&ssl=1 240w, https:\/\/i0.wp.com\/interaccionnoticias.com.mx\/wp-content\/uploads\/2023\/10\/231012-PRD-2-790x1024.jpg?ssl=1&w=320&resize=320&ssl=1 320w, https:\/\/i0.wp.com\/interaccionnoticias.com.mx\/wp-content\/uploads\/2023\/10\/231012-PRD-2-790x1024.jpg?ssl=1&w=500&resize=500&ssl=1 500w, https:\/\/i0.wp.com\/interaccionnoticias.com.mx\/wp-content\/uploads\/2023\/10\/231012-PRD-2-790x1024.jpg?ssl=1&w=640&resize=640&ssl=1 640w, https:\/\/i0.wp.com\/interaccionnoticias.com.mx\/wp-content\/uploads\/2023\/10\/231012-PRD-2-790x1024.jpg?ssl=1&w=800&resize=800&ssl=1 800w, https:\/\/i0.wp.com\/interaccionnoticias.com.mx\/wp-content\/uploads\/2023\/10\/231012-PRD-2-790x1024.jpg?ssl=1&w=1024&resize=1024&ssl=1 1024w, https:\/\/i0.wp.com\/interaccionnoticias.com.mx\/wp-content\/uploads\/2023\/10\/231012-PRD-2-790x1024.jpg?ssl=1&w=1280&resize=1280&ssl=1 1280w, https:\/\/i0.wp.com\/interaccionnoticias.com.mx\/wp-content\/uploads\/2023\/10\/231012-PRD-2-790x1024.jpg?ssl=1&w=1600&resize=1600&ssl=1 1600w\" alt=\"\" class=\"wp-block-jetpack-slideshow_image wp-image-69533\" data-id=\"69533\" fifu-data-src=\"https:\/\/i0.wp.com\/interaccionnoticias.com.mx\/wp-content\/uploads\/2023\/10\/231012-PRD-2-790x1024.jpg?ssl=1\"\/><\/figure><\/li><\/ul><a class=\"wp-block-jetpack-slideshow_button-prev swiper-button-prev swiper-button-white\" role=\"button\"><\/a><a class=\"wp-block-jetpack-slideshow_button-next swiper-button-next swiper-button-white\" role=\"button\"><\/a><a aria-label=\"Pause Slideshow\" class=\"wp-block-jetpack-slideshow_button-pause\" role=\"button\"><\/a><div class=\"wp-block-jetpack-slideshow_pagination swiper-pagination swiper-pagination-white\"><\/div><\/div><\/div>\n","protected":false},"excerpt":{"rendered":"<p>&#8212; \u201cEl de Mois\u00e9s Tom\u00e1s Ju\u00e1rez Abarca y sus seis compa\u00f1eros no puede ser una carpeta de investigaci\u00f3n m\u00e1s\u201d, se\u00f1ala el CEE del partido del sol azteca Rogelio Agust\u00edn El&hellip; <\/p>\n","protected":false},"author":21,"featured_media":69532,"comment_status":"open","ping_status":"open","sticky":false,"template":"","format":"standard","meta":{"fifu_image_url":"","fifu_image_alt":"","footnotes":""},"categories":[21],"tags":[],"class_list":["post-69531","post","type-post","status-publish","format-standard","has-post-thumbnail","hentry","category-politica"],"_links":{"self":[{"href":"https:\/\/www.interaccionnoticias.com.mx\/index.php?rest_route=\/wp\/v2\/posts\/69531","targetHints":{"allow":["GET"]}}],"collection":[{"href":"https:\/\/www.interaccionnoticias.com.mx\/index.php?rest_route=\/wp\/v2\/posts"}],"about":[{"href":"https:\/\/www.interaccionnoticias.com.mx\/index.php?rest_route=\/wp\/v2\/types\/post"}],"author":[{"embeddable":true,"href":"https:\/\/www.interaccionnoticias.com.mx\/index.php?rest_route=\/wp\/v2\/users\/21"}],"replies":[{"embeddable":true,"href":"https:\/\/www.interaccionnoticias.com.mx\/index.php?rest_route=%2Fwp%2Fv2%2Fcomments&post=69531"}],"version-history":[{"count":1,"href":"https:\/\/www.interaccionnoticias.com.mx\/index.php?rest_route=\/wp\/v2\/posts\/69531\/revisions"}],"predecessor-version":[{"id":69534,"href":"https:\/\/www.interaccionnoticias.com.mx\/index.php?rest_route=\/wp\/v2\/posts\/69531\/revisions\/69534"}],"wp:featuredmedia":[{"embeddable":true,"href":"https:\/\/www.interaccionnoticias.com.mx\/index.php?rest_route=\/wp\/v2\/media\/69532"}],"wp:attachment":[{"href":"https:\/\/www.interaccionnoticias.com.mx\/index.php?rest_route=%2Fwp%2Fv2%2Fmedia&parent=69531"}],"wp:term":[{"taxonomy":"category","embeddable":true,"href":"https:\/\/www.interaccionnoticias.com.mx\/index.php?rest_route=%2Fwp%2Fv2%2Fcategories&post=69531"},{"taxonomy":"post_tag","embeddable":true,"href":"https:\/\/www.interaccionnoticias.com.mx\/index.php?rest_route=%2Fwp%2Fv2%2Ftags&post=69531"}],"curies":[{"name":"wp","href":"https:\/\/api.w.org\/{rel}","templated":true}]}}