{"id":69524,"date":"2023-10-12T15:27:00","date_gmt":"2023-10-12T20:27:00","guid":{"rendered":"https:\/\/interaccionnoticias.com.mx\/?p=69524"},"modified":"2023-10-12T21:57:18","modified_gmt":"2023-10-13T02:57:18","slug":"diputados-del-prd-avalan-medicion-entre-aspirantes-al-senado-de-la-republica-de-cara-a-2024","status":"publish","type":"post","link":"https:\/\/www.interaccionnoticias.com.mx\/?p=69524","title":{"rendered":"Diputados del PRD avalan medici\u00f3n entre aspirantes al Senado de la Rep\u00fablica, de cara a 2024"},"content":{"rendered":"\n<p><strong><em>&#8212; La alianza del FAM sigue firme, se\u00f1ala el coordinador del Grupo Parlamentario; Raymundo Garc\u00eda<br>&#8212; En pol\u00edtica no hay acuerdos eternos, reconoce el dirigente del MAS, Bernardo Ortega<br>&#8212; El mejor posicionado debe ir al frente, indican<\/em><\/strong><\/p>\n\n\n\n<p><strong>Rosario Garc\u00eda Orozco<\/strong><\/p>\n\n\n\n<p><strong>Chilpancingo, Gro., 12 de octubre del 2023.-<\/strong> El coordinador del Grupo Parlamentario del PRD en el Congreso local, Raymundo Garc\u00eda Guti\u00e9rrez y el dirigente del Movimiento Alternativa Social (MAS), Bernardo Ortega Jim\u00e9nez avalaron el planteamiento de que haya una medici\u00f3n entre los aspirantes al senado de los partidos que integran el Frente Amplio por M\u00e9xico (FAM), para postular en primer lugar a quien est\u00e9 mejor posicionado.<\/p>\n\n\n\n<p>La semana pasada, el dirigente nacional del PRD, Jes\u00fas Zambrano Grijalva y el presidente del Comit\u00e9 Estatal, Alberto Catal\u00e1n Bastida, presentaron como la propuesta de dicho partido para contender por el Senado al ex aspirante a la gubernatura, Jes\u00fas Evodio Vel\u00e1zquez Aguirre.<\/p>\n\n\n\n<p>Recordaron que en el proceso electoral de gobernador, el sol azteca y su aspirante le cedieron la candidatura al Mario Moreno Arcos, quien posteriormente perdi\u00f3 en la elecci\u00f3n constitucional.<\/p>\n\n\n\n<p>El mi\u00e9rcoles 11 de octubre, el propio Moreno Arcos confirm\u00f3 su decisi\u00f3n de contender nuevamente, ahora por un esca\u00f1o en la C\u00e1mara alta y se\u00f1al\u00f3 que debe haber una nueva medici\u00f3n entre los aspirantes.<\/p>\n\n\n\n<p>Respecto a los acuerdos de 2021, reconoci\u00f3 que s\u00ed los hubo, pero destac\u00f3 que quedaron superados al no conseguirse el objetivo com\u00fan inmediato, que era ganar la gubernatura.<\/p>\n\n\n\n<p>Este jueves, el coordinador de los diputados del PRD sostuvo que \u201clos acuerdos pol\u00edticos se suscriben por cada proceso electoral\u00bb.<\/p>\n\n\n\n<p>Precis\u00f3: \u201c\u201dTodos los acuerdos son por proceso, los que hacen acuerdos para muchos a\u00f1os pues es v\u00e1lido, pero en la pr\u00e1ctica son por proceso\u00bb.<\/p>\n\n\n\n<p>Indic\u00f3 adem\u00e1s, que el FAM en Guerrero est\u00e1 vigente, sin riesgo de que haya alguna fractura.<\/p>\n\n\n\n<p>Sobre el mismo tema, tambi\u00e9n diputado por el sol azteca, Bernardo Ortega Jim\u00e9nez manifest\u00f3 que en dicho instituto pol\u00edtico hay disposici\u00f3n para que los aspirantes se midan, de tal suerte que si el ex alcalde de Acapulco, Evodio Vel\u00e1zquez Aguirre no afianzara la postulaci\u00f3n, se apoyar\u00e1 a quien tenga el mejor posicionamiento.<\/p>\n\n\n\n<p>\u00abEn caso de que Evodio no llegara a ser tendremos nosotros que apoyar a quien salga, en el FAM estamos el PRI el PAN y el PRD; yo estoy apoyando con todo a Evodio y me gustar\u00eda que fuera \u00e9l, pero vamos a esperar las mediciones\u201d, anot\u00f3.<\/p>\n\n\n\n<p>El objetivo, indic\u00f3 que es hacer fuerza, empujar juntos para ganar senadur\u00edas, presidencias municipales, diputaciones locales, federales y la presidencia de la Rep\u00fablica, por eso es que no hay posibilidades de que se rompa la alianza nacional.<\/p>\n","protected":false},"excerpt":{"rendered":"<p>&#8212; La alianza del FAM sigue firme, se\u00f1ala el coordinador del Grupo Parlamentario; Raymundo Garc\u00eda&#8212; En pol\u00edtica no hay acuerdos eternos, reconoce el dirigente del MAS, Bernardo Ortega&#8212; El mejor&hellip; <\/p>\n","protected":false},"author":14,"featured_media":69525,"comment_status":"open","ping_status":"open","sticky":false,"template":"","format":"standard","meta":{"fifu_image_url":"","fifu_image_alt":"","footnotes":""},"categories":[21],"tags":[],"class_list":["post-69524","post","type-post","status-publish","format-standard","has-post-thumbnail","hentry","category-politica"],"_links":{"self":[{"href":"https:\/\/www.interaccionnoticias.com.mx\/index.php?rest_route=\/wp\/v2\/posts\/69524","targetHints":{"allow":["GET"]}}],"collection":[{"href":"https:\/\/www.interaccionnoticias.com.mx\/index.php?rest_route=\/wp\/v2\/posts"}],"about":[{"href":"https:\/\/www.interaccionnoticias.com.mx\/index.php?rest_route=\/wp\/v2\/types\/post"}],"author":[{"embeddable":true,"href":"https:\/\/www.interaccionnoticias.com.mx\/index.php?rest_route=\/wp\/v2\/users\/14"}],"replies":[{"embeddable":true,"href":"https:\/\/www.interaccionnoticias.com.mx\/index.php?rest_route=%2Fwp%2Fv2%2Fcomments&post=69524"}],"version-history":[{"count":1,"href":"https:\/\/www.interaccionnoticias.com.mx\/index.php?rest_route=\/wp\/v2\/posts\/69524\/revisions"}],"predecessor-version":[{"id":69526,"href":"https:\/\/www.interaccionnoticias.com.mx\/index.php?rest_route=\/wp\/v2\/posts\/69524\/revisions\/69526"}],"wp:featuredmedia":[{"embeddable":true,"href":"https:\/\/www.interaccionnoticias.com.mx\/index.php?rest_route=\/wp\/v2\/media\/69525"}],"wp:attachment":[{"href":"https:\/\/www.interaccionnoticias.com.mx\/index.php?rest_route=%2Fwp%2Fv2%2Fmedia&parent=69524"}],"wp:term":[{"taxonomy":"category","embeddable":true,"href":"https:\/\/www.interaccionnoticias.com.mx\/index.php?rest_route=%2Fwp%2Fv2%2Fcategories&post=69524"},{"taxonomy":"post_tag","embeddable":true,"href":"https:\/\/www.interaccionnoticias.com.mx\/index.php?rest_route=%2Fwp%2Fv2%2Ftags&post=69524"}],"curies":[{"name":"wp","href":"https:\/\/api.w.org\/{rel}","templated":true}]}}