{"id":69521,"date":"2023-10-12T15:09:27","date_gmt":"2023-10-12T20:09:27","guid":{"rendered":"https:\/\/interaccionnoticias.com.mx\/?p=69521"},"modified":"2023-10-12T15:09:29","modified_gmt":"2023-10-12T20:09:29","slug":"cumple-la-feddeg-10-dias-de-protesta-en-la-ciudad-de-mexico","status":"publish","type":"post","link":"https:\/\/www.interaccionnoticias.com.mx\/?p=69521","title":{"rendered":"Cumple la Feddeg 10 d\u00edas de protesta en la Ciudad de M\u00e9xico"},"content":{"rendered":"\n<p><strong><em>&#8212; Exigen mejor\u00edas a las claves de varios maestros<\/em><\/strong><\/p>\n\n\n\n<p><strong>Rosario Garc\u00eda Orozco<\/strong><\/p>\n\n\n\n<p><strong>Chilpancingo, Gro., 12 de octubre del 2023.- <\/strong>Integrantes del Frente de Directores Encargados del estado de Guerrero (Fedeeg), cumplieron 10 d\u00edas de protesta en la Ciudad de M\u00e9xico en exigencia de la mejora en la categor\u00eda de las claves de maestros en \u00e1reas administrativas.<\/p>\n\n\n\n<p>Los trabajadores del sector educativo del estado de Guerrero aseguraron que llevan m\u00e1s de 4 a\u00f1os en la lucha por la mejora de las categor\u00edas de sus claves, \u00abnos hemos sentado con secretarios de Educaci\u00f3n tanto de la Federaci\u00f3n como del Estado en diversas ocasiones, los secretarios de Educaci\u00f3n p\u00fablica a nivel federal han designado a funcionarios para que sean el enlace con Guerrero y den soluciones a la problematica, pero se han quedado muy cortos\u00bb.<\/p>\n\n\n\n<p>Aseguraron que durante los \u00faltimos meses no han avanzado en sus demandas ni a nivel federal ni a nivel estatal, \u00abhemos solicitado de diversas maneras una audiencia con la maestra Leticia Ram\u00edrez Amaya desde hace 8 meses y es hasta hoy que no hemos tenido ninguna respuesta\u00bb.<\/p>\n\n\n\n<p>Se trata de por lo menos 120 directores encargados, quienes insistieron en que se mantendr\u00e1n instalados en plant\u00f3n en el acceso principal de la Secretar\u00eda de Educaci\u00f3n P\u00fablica hasta obtener respuesta satisfactoria a sus demandas.<\/p>\n\n\n\n<p>\u00abDesde aqu\u00ed, le pedimos al se\u00f1or presidente Andr\u00e9s Manuel L\u00f3pez Obrador que pueda darnos una audiencia para que pueda desatorar la situaci\u00f3n de Guerrero con la Fedeeg, por eso es que estamos aqu\u00ed, para decirle al presidente que los valores de la Cuarta Transformaci\u00f3n no se est\u00e1n llevado a cabo con las autoridades de segundo nivel y aunque hemos tenido varias reuniones con autoridades en materia de educaci\u00f3n, solamente nos han enga\u00f1ado, solamente nos dicen mentiras una y otra vez\u00bb, insistieron en una transmisi\u00f3n en redes sociales que realizaron la ma\u00f1ana de este jueves desde la Ciudad de M\u00e9xico.<\/p>\n\n\n\n<p>Agregaron que solo los traen de oficina en oficina, pero no han solucionado sus peticiones, \u00abnos han turnando a Guerrero en tres ocasiones y Guerrero nos ha turnando a la Federaci\u00f3n por m\u00e1s de 4 ocasiones, por eso desde aqu\u00ed se\u00f1or presidente solicitamos le de soluci\u00f3n a la Fedeeg, ya que son directores encargados, supervisores, jefes de sector y dem\u00e1s administrativos con responsabilidades ampliadas los que siguen siendo afectados\u00bb.<\/p>\n","protected":false},"excerpt":{"rendered":"<p>&#8212; Exigen mejor\u00edas a las claves de varios maestros Rosario Garc\u00eda Orozco Chilpancingo, Gro., 12 de octubre del 2023.- Integrantes del Frente de Directores Encargados del estado de Guerrero (Fedeeg),&hellip; <\/p>\n","protected":false},"author":14,"featured_media":69522,"comment_status":"open","ping_status":"open","sticky":false,"template":"","format":"standard","meta":{"fifu_image_url":"","fifu_image_alt":"","footnotes":""},"categories":[6],"tags":[],"class_list":["post-69521","post","type-post","status-publish","format-standard","has-post-thumbnail","hentry","category-educacion"],"_links":{"self":[{"href":"https:\/\/www.interaccionnoticias.com.mx\/index.php?rest_route=\/wp\/v2\/posts\/69521","targetHints":{"allow":["GET"]}}],"collection":[{"href":"https:\/\/www.interaccionnoticias.com.mx\/index.php?rest_route=\/wp\/v2\/posts"}],"about":[{"href":"https:\/\/www.interaccionnoticias.com.mx\/index.php?rest_route=\/wp\/v2\/types\/post"}],"author":[{"embeddable":true,"href":"https:\/\/www.interaccionnoticias.com.mx\/index.php?rest_route=\/wp\/v2\/users\/14"}],"replies":[{"embeddable":true,"href":"https:\/\/www.interaccionnoticias.com.mx\/index.php?rest_route=%2Fwp%2Fv2%2Fcomments&post=69521"}],"version-history":[{"count":1,"href":"https:\/\/www.interaccionnoticias.com.mx\/index.php?rest_route=\/wp\/v2\/posts\/69521\/revisions"}],"predecessor-version":[{"id":69523,"href":"https:\/\/www.interaccionnoticias.com.mx\/index.php?rest_route=\/wp\/v2\/posts\/69521\/revisions\/69523"}],"wp:featuredmedia":[{"embeddable":true,"href":"https:\/\/www.interaccionnoticias.com.mx\/index.php?rest_route=\/wp\/v2\/media\/69522"}],"wp:attachment":[{"href":"https:\/\/www.interaccionnoticias.com.mx\/index.php?rest_route=%2Fwp%2Fv2%2Fmedia&parent=69521"}],"wp:term":[{"taxonomy":"category","embeddable":true,"href":"https:\/\/www.interaccionnoticias.com.mx\/index.php?rest_route=%2Fwp%2Fv2%2Fcategories&post=69521"},{"taxonomy":"post_tag","embeddable":true,"href":"https:\/\/www.interaccionnoticias.com.mx\/index.php?rest_route=%2Fwp%2Fv2%2Ftags&post=69521"}],"curies":[{"name":"wp","href":"https:\/\/api.w.org\/{rel}","templated":true}]}}