{"id":69518,"date":"2023-10-12T13:30:07","date_gmt":"2023-10-12T18:30:07","guid":{"rendered":"https:\/\/interaccionnoticias.com.mx\/?p=69518"},"modified":"2023-10-12T13:30:08","modified_gmt":"2023-10-12T18:30:08","slug":"el-profesor-uriel-espinobarros-sierra-continua-desaparecido","status":"publish","type":"post","link":"https:\/\/www.interaccionnoticias.com.mx\/?p=69518","title":{"rendered":"El profesor Uriel Espinobarros Sierra contin\u00faa desaparecido"},"content":{"rendered":"\n<p><strong><em>Despareci\u00f3 el 28 de septiembre su familia lo ha buscado en Zapotitl\u00e1n Tablas y Acatepec<\/em><\/strong><\/p>\n\n\n\n<p><strong>Yasm\u00edn Garc\u00eda<\/strong><\/p>\n\n\n\n<p><strong>Chilpancingo, Gro., a 12 de octubre 2023.-<\/strong> Uriel Espinobarros Sierra, profesor del colegio de bachilleres n\u00famero 42 de Acatepec, desapareci\u00f3 el pasado 28 de septiembre al salir de su centro de trabajo se dirig\u00eda a la comunidad de Lucerito en su veh\u00edculo un Tsuru en color vino.<\/p>\n\n\n\n<p>Sus familiares y amigos han realizado b\u00fasquedas en campo, abarcando Acatepec y el municipio vecino de Zapotitl\u00e1n Tablas de donde es originario, sin embargo, no lo han localizado, asimismo han celebrado misas en Zapotitl\u00e1n para pedir que aparezca con bien.<\/p>\n\n\n\n<p>El ex candidato a la gubernatura de Guerrero (PRI-PRD), Mario Morenos Arcos, exigi\u00f3 en su p\u00e1gina oficial de Facebook la aparici\u00f3n con vida del profesor Uriel Espinobarros, a quien defini\u00f3 como su amigo.<\/p>\n\n\n\n<p>\u201cNo hay ninguna pista ni resultado. No hay siquiera un indicio que arroje un dato \u00fatil para encontrarlo, pero si hay una gran ausencia de autoridad y coordinaci\u00f3n con otros niveles de gobierno, lo que convierte la desaparici\u00f3n de Uriel en otro m\u00e1s de los casos sin respuesta de cientos de v\u00edctimas cuyo destino a\u00fan se desconoce. Cada d\u00eda m\u00e1s sufrimiento para aquellas familias que no saben que les pas\u00f3 ni d\u00f3nde est\u00e1n sus seres queridos\u201d, se pod\u00eda leer en la publicaci\u00f3n.<\/p>\n\n\n\n<p>Sus familiares crearon un perfil de la red social Facebook, \u201cEstamos Contigo Uriel Espinobarros\u201d, en donde piden el apoyo de la ciudadan\u00eda para dar con su paradero, todos los d\u00edas su familia y amigos publican una fotograf\u00eda del profesor en donde lo definen como una persona trabajadora y humilde que siempre busco el progreso de Zapotitlan Tablas.<\/p>\n\n\n\n<p>Su familia exigi\u00f3 a las autoridades dar con su paradero, ya que su desaparici\u00f3n se suma a la de otros dos hombres originarios de Zapotitl\u00e1n desaparecidos en el a\u00f1o 2022, se trata de Seferino Cristino V\u00e1zquez de 74 a\u00f1os de edad y de Elmer Said V\u00e1zquez Cristino, desaparecidos el 22 de mayo del 2022, en el tramo carretero Nuevo Amanecer-Santa Rosa, municipio de Zapotitl\u00e1n Tablas.<\/p>\n\n\n\n<p>La Fiscal\u00eda General del Estado (FGE) y la Comisi\u00f3n Estatal de B\u00fasqueda de Personas (CEBP) en Guerrero p\u00fablico su ficha de b\u00fasqueda en la que se\u00f1ala que tiene un lunar debajo del parpado izquierdo, vest\u00eda pantal\u00f3n de mezclilla azul, playera blanca manga larga y tenis blancos, como se\u00f1as particulares.<\/p>\n","protected":false},"excerpt":{"rendered":"<p>Despareci\u00f3 el 28 de septiembre su familia lo ha buscado en Zapotitl\u00e1n Tablas y Acatepec Yasm\u00edn Garc\u00eda Chilpancingo, Gro., a 12 de octubre 2023.- Uriel Espinobarros Sierra, profesor del colegio&hellip; <\/p>\n","protected":false},"author":32,"featured_media":69519,"comment_status":"open","ping_status":"open","sticky":false,"template":"","format":"standard","meta":{"fifu_image_url":"","fifu_image_alt":"","footnotes":""},"categories":[29],"tags":[],"class_list":["post-69518","post","type-post","status-publish","format-standard","has-post-thumbnail","hentry","category-sociedad"],"_links":{"self":[{"href":"https:\/\/www.interaccionnoticias.com.mx\/index.php?rest_route=\/wp\/v2\/posts\/69518","targetHints":{"allow":["GET"]}}],"collection":[{"href":"https:\/\/www.interaccionnoticias.com.mx\/index.php?rest_route=\/wp\/v2\/posts"}],"about":[{"href":"https:\/\/www.interaccionnoticias.com.mx\/index.php?rest_route=\/wp\/v2\/types\/post"}],"author":[{"embeddable":true,"href":"https:\/\/www.interaccionnoticias.com.mx\/index.php?rest_route=\/wp\/v2\/users\/32"}],"replies":[{"embeddable":true,"href":"https:\/\/www.interaccionnoticias.com.mx\/index.php?rest_route=%2Fwp%2Fv2%2Fcomments&post=69518"}],"version-history":[{"count":1,"href":"https:\/\/www.interaccionnoticias.com.mx\/index.php?rest_route=\/wp\/v2\/posts\/69518\/revisions"}],"predecessor-version":[{"id":69520,"href":"https:\/\/www.interaccionnoticias.com.mx\/index.php?rest_route=\/wp\/v2\/posts\/69518\/revisions\/69520"}],"wp:featuredmedia":[{"embeddable":true,"href":"https:\/\/www.interaccionnoticias.com.mx\/index.php?rest_route=\/wp\/v2\/media\/69519"}],"wp:attachment":[{"href":"https:\/\/www.interaccionnoticias.com.mx\/index.php?rest_route=%2Fwp%2Fv2%2Fmedia&parent=69518"}],"wp:term":[{"taxonomy":"category","embeddable":true,"href":"https:\/\/www.interaccionnoticias.com.mx\/index.php?rest_route=%2Fwp%2Fv2%2Fcategories&post=69518"},{"taxonomy":"post_tag","embeddable":true,"href":"https:\/\/www.interaccionnoticias.com.mx\/index.php?rest_route=%2Fwp%2Fv2%2Ftags&post=69518"}],"curies":[{"name":"wp","href":"https:\/\/api.w.org\/{rel}","templated":true}]}}