{"id":69503,"date":"2023-10-11T20:17:31","date_gmt":"2023-10-12T01:17:31","guid":{"rendered":"https:\/\/interaccionnoticias.com.mx\/?p=69503"},"modified":"2023-10-11T20:17:34","modified_gmt":"2023-10-12T01:17:34","slug":"si-la-sociedad-civil-sale-a-votar-en-la-eleccion-del-2024-habra-alternancia-en-el-gobierno-del-mexico-hector-astudillo","status":"publish","type":"post","link":"https:\/\/www.interaccionnoticias.com.mx\/?p=69503","title":{"rendered":"Si la sociedad civil sale a votar en la elecci\u00f3n del 2024, habr\u00e1 alternancia en el gobierno del M\u00e9xico: H\u00e9ctor Astudillo"},"content":{"rendered":"\n<p><strong><em>&#8212; M\u00e9xico va a ser gobernador por una mujer<\/em><\/strong><\/p>\n\n\n\n<p><strong>Rosario Garc\u00eda Orozco<\/strong><\/p>\n\n\n\n<p><strong>Chilpancingo, Gro., 11 de octubre del 2023.- <\/strong>El ex gobernador H\u00e9ctor Astudillo Flores consider\u00f3 que si en la elecci\u00f3n del 2024 la sociedad civil sale a votar, habr\u00e1 alternancia en el gobierno de la Rep\u00fablica.<\/p>\n\n\n\n<p>El ex mandatario estatal se reuni\u00f3 con los integrantes del Grupo Cuicali, a quienes comparti\u00f3 una proyecci\u00f3n en torno a los resultados que podr\u00eda tener la elecci\u00f3n que se avecina, y confi\u00f3 en que si los partidos que integran el Frente Amplio por M\u00e9xico (FAM), postulan a candidatos competitivos, y la sociedad no vota a manera de calificar el gobierno de L\u00f3pez Obrador el resultado de la elecci\u00f3n ser\u00e1 favorable para quienes encabece las candidaturas por la alianza opositora.<\/p>\n\n\n\n<p>Durante ese encuentro, present\u00f3 a los asistentes una proyecci\u00f3n electoral sobre el proceso que se avecina, \u00abva a estar interesante que veamos como arranca el mes de enero y febrero, si los n\u00fameros se cierran estoy convencido de que vamos a vivir una elecci\u00f3n cerrada, con una competencia real\u00bb, y agreg\u00f3 que lo que est\u00e1 pasando en en el mundo y en Am\u00e9rica Latina se podr\u00eda replicar en M\u00e9xico, \u00abporque los ciudadanos son muy proclives a la alternancia, aunque sean las presidentas o presidentes bien calificados, la gente vota por la alternancia, y es que la palabra cambio sigue siendo un motor en las elecciones en el mundo y en M\u00e9xico no va a ser la excepci\u00f3n \u00ab.<\/p>\n\n\n\n<p>Astudillo Flores present\u00f3 algunas gr\u00e1ficas entre las que destac\u00f3 que la presidencia de la Rep\u00fablica va a ser encabezada por una mujer, y que la competencia se centrar\u00e1 en la aspirante por Morena, Claudia Sheinbaum Pardo, y la de el FAM, X\u00f3chitl G\u00e1lvez.<\/p>\n\n\n\n<p>Dijo que se calcula que el cierre del Padr\u00f3n electoral en M\u00e9xico va a quedar en 100 millones de mexicanos, \u00absi vota la mitad, van a votar 50 millones de electores, se calcula de acuerdo a los an\u00e1lisis pol\u00edticos Morena, que canta por adelantado triunfos, tiene alrededor de 22 millones de beneficiarios, partidistas y simpatizantes, si a 50 millones Le restamos 22 millones, nos quedan 28 millones\u00bb de votantes repartidos entre el resto de partidos.<\/p>\n\n\n\n<p>Agreg\u00f3 que en las \u00faltimas elecciones ha participado m\u00e1s del 60 por ciento del electorado, y adelant\u00f3 que \u00absi hay una participaci\u00f3n cercana al 60 por ciento, f\u00edjense cuando se los estoy diciendo, va a haber una alternancia, en la presidencia de la Rep\u00fablica\u00bb.<\/p>\n\n\n\n<p>Justific\u00f3 su dicho: \u00abYo le pongo una proyecci\u00f3n a MC, que estoy convencido que va a tener candidata o candidato, y en suma Morena y MC tendr\u00e1n 24.5 millones de votos, si restamos a 50 millones los 24.5 millones, nos quedan 25.5 millones de votos y con eso se podr\u00eda ganar la elecci\u00f3n, con el 50 por ciento del padr\u00f3n\u00bb.<\/p>\n\n\n\n<p>Asegur\u00f3 que la elecci\u00f3n presidencial se cerrar\u00e1 entre X\u00f3chitl Galvez y Claudia Sheinbaum, \u00abyo creo que las mujeres han avanzado mucho y en esta elecci\u00f3n que viene va a ser una elecci\u00f3n en la que vamos a encontrar muchas candidatas a gobernadoras, a senadoras, diputadas federales, diputadas locales, presidentas municipales, sin duda la elecci\u00f3n del 2024, es una elecci\u00f3n de muchas mujeres\u00bb.<\/p>\n","protected":false},"excerpt":{"rendered":"<p>&#8212; M\u00e9xico va a ser gobernador por una mujer Rosario Garc\u00eda Orozco Chilpancingo, Gro., 11 de octubre del 2023.- El ex gobernador H\u00e9ctor Astudillo Flores consider\u00f3 que si en la&hellip; <\/p>\n","protected":false},"author":14,"featured_media":69504,"comment_status":"open","ping_status":"open","sticky":false,"template":"","format":"standard","meta":{"fifu_image_url":"","fifu_image_alt":"","footnotes":""},"categories":[21],"tags":[],"class_list":["post-69503","post","type-post","status-publish","format-standard","has-post-thumbnail","hentry","category-politica"],"_links":{"self":[{"href":"https:\/\/www.interaccionnoticias.com.mx\/index.php?rest_route=\/wp\/v2\/posts\/69503","targetHints":{"allow":["GET"]}}],"collection":[{"href":"https:\/\/www.interaccionnoticias.com.mx\/index.php?rest_route=\/wp\/v2\/posts"}],"about":[{"href":"https:\/\/www.interaccionnoticias.com.mx\/index.php?rest_route=\/wp\/v2\/types\/post"}],"author":[{"embeddable":true,"href":"https:\/\/www.interaccionnoticias.com.mx\/index.php?rest_route=\/wp\/v2\/users\/14"}],"replies":[{"embeddable":true,"href":"https:\/\/www.interaccionnoticias.com.mx\/index.php?rest_route=%2Fwp%2Fv2%2Fcomments&post=69503"}],"version-history":[{"count":1,"href":"https:\/\/www.interaccionnoticias.com.mx\/index.php?rest_route=\/wp\/v2\/posts\/69503\/revisions"}],"predecessor-version":[{"id":69505,"href":"https:\/\/www.interaccionnoticias.com.mx\/index.php?rest_route=\/wp\/v2\/posts\/69503\/revisions\/69505"}],"wp:featuredmedia":[{"embeddable":true,"href":"https:\/\/www.interaccionnoticias.com.mx\/index.php?rest_route=\/wp\/v2\/media\/69504"}],"wp:attachment":[{"href":"https:\/\/www.interaccionnoticias.com.mx\/index.php?rest_route=%2Fwp%2Fv2%2Fmedia&parent=69503"}],"wp:term":[{"taxonomy":"category","embeddable":true,"href":"https:\/\/www.interaccionnoticias.com.mx\/index.php?rest_route=%2Fwp%2Fv2%2Fcategories&post=69503"},{"taxonomy":"post_tag","embeddable":true,"href":"https:\/\/www.interaccionnoticias.com.mx\/index.php?rest_route=%2Fwp%2Fv2%2Ftags&post=69503"}],"curies":[{"name":"wp","href":"https:\/\/api.w.org\/{rel}","templated":true}]}}