{"id":69496,"date":"2023-10-11T20:09:13","date_gmt":"2023-10-12T01:09:13","guid":{"rendered":"https:\/\/interaccionnoticias.com.mx\/?p=69496"},"modified":"2023-10-11T20:09:16","modified_gmt":"2023-10-12T01:09:16","slug":"familia-de-victima-de-desaparicion-forzada-denuncia-que-la-fge-se-niega-a-entregarles-el-cadaver","status":"publish","type":"post","link":"https:\/\/www.interaccionnoticias.com.mx\/?p=69496","title":{"rendered":"Familia de v\u00edctima de desaparici\u00f3n forzada denuncia que la FGE se niega a entregarles el cad\u00e1ver"},"content":{"rendered":"\n<p><strong><em>&#8212; Julio P\u00e9rez Garc\u00eda es uno de los siete j\u00f3venes privados de su libertad en un centro de rehabilitaci\u00f3n de adicciones en Acapulco<\/em><\/strong><\/p>\n\n\n\n<p><strong>Yasm\u00edn Garc\u00eda Chino<\/strong><\/p>\n\n\n\n<p><strong>Chilpancingo, Gro., a 11 de octubre 2023.-<\/strong> La Fiscal\u00eda General del Estado (FGE) se ha negado a entregar el cuerpo de Julio P\u00e9rez Garc\u00eda de 15 a\u00f1os a su familia, uno de los 7 j\u00f3venes privados de la libertad en un centro de rehabilitaci\u00f3n de adicciones en Acapulco el pasado 1 de septiembre y que sus cuerpos fueron hallados en fosas clandestinas junto a otros 10 cuerpos.<\/p>\n\n\n\n<p>Mar\u00eda Elena P\u00e9rez t\u00eda de Julio P\u00e9rez relat\u00f3 que la FGE cuenta con una denuncia formal por la desaparici\u00f3n de su sobrino ya que ella junto a sus padres acudieron el d\u00eda 2 de septiembre es decir al siguiente d\u00eda de su desaparici\u00f3n a interponer la denuncia por la desaparici\u00f3n forzada de su sobrino.<\/p>\n\n\n\n<p>Asimismo, se tomaron muestras de ADN para que el Servicio M\u00e9dico Forense (SEMEFO) realizar\u00e1 estudios de gen\u00e9tica a los 17 cuerpos hallados en las 7 fosas clandestinas en el parque nacional El Veladero por el colectivo de madres buscadoras Memoria, Verdad y Justicia Acapulco.<\/p>\n\n\n\n<p>El viernes pasado, le lleg\u00f3 un citatorio a su domicilio para que se presentar\u00e1 a la Fiscal\u00eda que se ubica en Costa Azul, en el puerto de Acapulco, tambi\u00e9n citaron a los familiares de Brian Josu\u00e9 Vargas Hern\u00e1ndez, Jes\u00fas Arroyo Venegas y Erick Calixto Ch\u00e1vez tres de los siete j\u00f3venes privados de su libertad en el centro de rehabilitaci\u00f3n, a sus familiares les dijeron que sus hijos ya hab\u00edan sido identificados por las pruebas de ADN y les entregaron sus cuerpos, a Mar\u00eda Elena solo le dijeron que se hab\u00edan equivocado al citarla que no sab\u00edan si su sobrino estaba o no en las fosas clandestinas.<\/p>\n\n\n\n<p>\u201cDesde esa fecha solo me dicen que espere y que espere que no saben si est\u00e1 ah\u00ed, entonces para que me citaron, yo no s\u00e9 porque no me lo quieren entregar y si no est\u00e1 entonces por qu\u00e9 no lo siguen buscando,\u201d, recrimin\u00f3 Mar\u00eda Elena.<\/p>\n\n\n\n<p>Asegur\u00f3, que desde que culmin\u00f3 la exhumaci\u00f3n de los 17 cuerpos en la reserva ecol\u00f3gica de El Veladero la Fiscal\u00eda General del Estado (FGE) y la Comisi\u00f3n Estatal de B\u00fasqueda de Personas en Guerrero (CEBP) dejaron de realizar las b\u00fasquedas en campo.<\/p>\n\n\n\n<p>Mar\u00eda Elena defini\u00f3 a su sobrino de 15 a\u00f1os como un muchacho alegre que quer\u00eda ayudar a los dem\u00e1s, ya hab\u00eda cumplido seis meses en el centro de rehabilitaci\u00f3n, pero \u00e9l quiso quedarse para ayudar a m\u00e1s j\u00f3venes que tuvieran alg\u00fan problema, tambi\u00e9n quer\u00eda trabajar para ayudar a sus padres, su mam\u00e1 no sabe leer y su pap\u00e1 es invidente.<\/p>\n\n\n\n<p>Exigi\u00f3 a la Fiscal\u00eda General del Estado decirles que est\u00e1 pasando con Julio P\u00e9rez Garc\u00eda de 15 a\u00f1os de edad, \u201cque hagan su trabajo que nos den una respuesta no queremos nada queremos que no lo entreguen como este porque ya no aguantamos esta desesperaci\u00f3n es como estar muerta en vida\u201d.<\/p>\n\n\n\n<p>La FGE ha entregado 5 cuerpos de los siete j\u00f3venes, solo falta el del menor Julio P\u00e9rez Garc\u00eda y el Mois\u00e9s Tomas Ju\u00e1rez Abarca de 38 a\u00f1os de edad, dirigente de la comunidad LGBT del PRD en Guerrero.<\/p>\n\n\n\n<div class=\"wp-block-jetpack-slideshow aligncenter\" data-effect=\"slide\"><div class=\"wp-block-jetpack-slideshow_container swiper-container\"><ul class=\"wp-block-jetpack-slideshow_swiper-wrapper swiper-wrapper\"><li class=\"wp-block-jetpack-slideshow_slide swiper-slide\"><figure><img decoding=\"async\" src=\"data:image\/gif;base64,R0lGODlhAQABAIAAAAAAAP\/\/\/ywAAAAAAQABAAACAUwAOw==\" fifu-lazy=\"1\" fifu-data-sizes=\"auto\" fifu-data-srcset=\"https:\/\/i3.wp.com\/interaccionnoticias.com.mx\/wp-content\/uploads\/2023\/10\/231011-Julio-Perez-2-788x1024.jpg?ssl=1&w=75&resize=75&ssl=1 75w, https:\/\/i3.wp.com\/interaccionnoticias.com.mx\/wp-content\/uploads\/2023\/10\/231011-Julio-Perez-2-788x1024.jpg?ssl=1&w=100&resize=100&ssl=1 100w, https:\/\/i3.wp.com\/interaccionnoticias.com.mx\/wp-content\/uploads\/2023\/10\/231011-Julio-Perez-2-788x1024.jpg?ssl=1&w=150&resize=150&ssl=1 150w, https:\/\/i3.wp.com\/interaccionnoticias.com.mx\/wp-content\/uploads\/2023\/10\/231011-Julio-Perez-2-788x1024.jpg?ssl=1&w=240&resize=240&ssl=1 240w, https:\/\/i3.wp.com\/interaccionnoticias.com.mx\/wp-content\/uploads\/2023\/10\/231011-Julio-Perez-2-788x1024.jpg?ssl=1&w=320&resize=320&ssl=1 320w, https:\/\/i3.wp.com\/interaccionnoticias.com.mx\/wp-content\/uploads\/2023\/10\/231011-Julio-Perez-2-788x1024.jpg?ssl=1&w=500&resize=500&ssl=1 500w, https:\/\/i3.wp.com\/interaccionnoticias.com.mx\/wp-content\/uploads\/2023\/10\/231011-Julio-Perez-2-788x1024.jpg?ssl=1&w=640&resize=640&ssl=1 640w, https:\/\/i3.wp.com\/interaccionnoticias.com.mx\/wp-content\/uploads\/2023\/10\/231011-Julio-Perez-2-788x1024.jpg?ssl=1&w=800&resize=800&ssl=1 800w, https:\/\/i3.wp.com\/interaccionnoticias.com.mx\/wp-content\/uploads\/2023\/10\/231011-Julio-Perez-2-788x1024.jpg?ssl=1&w=1024&resize=1024&ssl=1 1024w, https:\/\/i3.wp.com\/interaccionnoticias.com.mx\/wp-content\/uploads\/2023\/10\/231011-Julio-Perez-2-788x1024.jpg?ssl=1&w=1280&resize=1280&ssl=1 1280w, https:\/\/i3.wp.com\/interaccionnoticias.com.mx\/wp-content\/uploads\/2023\/10\/231011-Julio-Perez-2-788x1024.jpg?ssl=1&w=1600&resize=1600&ssl=1 1600w\" alt=\"\" class=\"wp-block-jetpack-slideshow_image wp-image-69498\" data-id=\"69498\" fifu-data-src=\"https:\/\/i3.wp.com\/interaccionnoticias.com.mx\/wp-content\/uploads\/2023\/10\/231011-Julio-Perez-2-788x1024.jpg?ssl=1\"\/><\/figure><\/li><\/ul><a class=\"wp-block-jetpack-slideshow_button-prev swiper-button-prev swiper-button-white\" role=\"button\"><\/a><a class=\"wp-block-jetpack-slideshow_button-next swiper-button-next swiper-button-white\" role=\"button\"><\/a><a aria-label=\"Pause Slideshow\" class=\"wp-block-jetpack-slideshow_button-pause\" role=\"button\"><\/a><div class=\"wp-block-jetpack-slideshow_pagination swiper-pagination swiper-pagination-white\"><\/div><\/div><\/div>\n","protected":false},"excerpt":{"rendered":"<p>&#8212; Julio P\u00e9rez Garc\u00eda es uno de los siete j\u00f3venes privados de su libertad en un centro de rehabilitaci\u00f3n de adicciones en Acapulco Yasm\u00edn Garc\u00eda Chino Chilpancingo, Gro., a 11&hellip; <\/p>\n","protected":false},"author":32,"featured_media":69497,"comment_status":"open","ping_status":"open","sticky":false,"template":"","format":"standard","meta":{"fifu_image_url":"","fifu_image_alt":"","footnotes":""},"categories":[27],"tags":[],"class_list":["post-69496","post","type-post","status-publish","format-standard","has-post-thumbnail","hentry","category-seguridad-publica"],"_links":{"self":[{"href":"https:\/\/www.interaccionnoticias.com.mx\/index.php?rest_route=\/wp\/v2\/posts\/69496","targetHints":{"allow":["GET"]}}],"collection":[{"href":"https:\/\/www.interaccionnoticias.com.mx\/index.php?rest_route=\/wp\/v2\/posts"}],"about":[{"href":"https:\/\/www.interaccionnoticias.com.mx\/index.php?rest_route=\/wp\/v2\/types\/post"}],"author":[{"embeddable":true,"href":"https:\/\/www.interaccionnoticias.com.mx\/index.php?rest_route=\/wp\/v2\/users\/32"}],"replies":[{"embeddable":true,"href":"https:\/\/www.interaccionnoticias.com.mx\/index.php?rest_route=%2Fwp%2Fv2%2Fcomments&post=69496"}],"version-history":[{"count":1,"href":"https:\/\/www.interaccionnoticias.com.mx\/index.php?rest_route=\/wp\/v2\/posts\/69496\/revisions"}],"predecessor-version":[{"id":69499,"href":"https:\/\/www.interaccionnoticias.com.mx\/index.php?rest_route=\/wp\/v2\/posts\/69496\/revisions\/69499"}],"wp:featuredmedia":[{"embeddable":true,"href":"https:\/\/www.interaccionnoticias.com.mx\/index.php?rest_route=\/wp\/v2\/media\/69497"}],"wp:attachment":[{"href":"https:\/\/www.interaccionnoticias.com.mx\/index.php?rest_route=%2Fwp%2Fv2%2Fmedia&parent=69496"}],"wp:term":[{"taxonomy":"category","embeddable":true,"href":"https:\/\/www.interaccionnoticias.com.mx\/index.php?rest_route=%2Fwp%2Fv2%2Fcategories&post=69496"},{"taxonomy":"post_tag","embeddable":true,"href":"https:\/\/www.interaccionnoticias.com.mx\/index.php?rest_route=%2Fwp%2Fv2%2Ftags&post=69496"}],"curies":[{"name":"wp","href":"https:\/\/api.w.org\/{rel}","templated":true}]}}