{"id":69492,"date":"2023-10-11T20:01:29","date_gmt":"2023-10-12T01:01:29","guid":{"rendered":"https:\/\/interaccionnoticias.com.mx\/?p=69492"},"modified":"2023-10-11T20:01:31","modified_gmt":"2023-10-12T01:01:31","slug":"regreso-a-clase-en-los-81-municipios-de-la-entidad-determina-la-seg","status":"publish","type":"post","link":"https:\/\/www.interaccionnoticias.com.mx\/?p=69492","title":{"rendered":"Regreso a clase en los 81 municipios de la entidad, determina la SEG"},"content":{"rendered":"\n<p><em><strong>&#8212; Con la excepci\u00f3n de las escuelas que hayan registrado un da\u00f1o por la Tormenta Tropical Max<\/strong><\/em><\/p>\n\n\n\n<p><strong>Rogelio Agust\u00edn<\/strong><\/p>\n\n\n\n<p>El Gobierno de Guerrero confirm\u00f3 que este jueves 12 de octubre se reanudar\u00e1n las actividades acad\u00e9micas en todas las escuelas de todos los niveles educativos, en las ocho regiones que integran la entidad, salvo en los planteles que hayan sufrido alguna afectaci\u00f3n por el paso de la Tormenta Tropical Max.<\/p>\n\n\n\n<p>El anuncio se dio a conocer entrada la tarde del mi\u00e9rcoles 11, tras la recomendaci\u00f3n hecha por la Secretar\u00eda de Gesti\u00f3n de Riesgos y Protecci\u00f3n Civil del Estado.<\/p>\n\n\n\n<p>\u201cSe reanudan las actividades acad\u00e9micas y administrativas, en todos los niveles educativos p\u00fablicos y privados, ambos turnos el d\u00eda jueves 12 de octubre del a\u00f1o en curso, en todos los municipips del estado\u201d, se destaca en el comunicado.<\/p>\n\n\n\n<p>En la parte final del comunicado, se aclara que no est\u00e1n dentro del regreso a clases las instituciones que hayan sufrido alg\u00fan da\u00f1o o est\u00e9n en riesgo por el paso de la Tormenta Tropical Max.<\/p>\n\n\n\n<p>La gobernadora Evelyn Salgado Pineda replic\u00f3 el anuncio hecho por la SEG con la leyenda \u201cImportante\u201d en sus plataformas digitales.<\/p>\n\n\n\n<p>El retorno a clases en Guerrero fue paulatino, pues el mi\u00e9rcoles se debi\u00f3 registrar la reapertura de las escuelas en las regiones Norte, Centro, Tierra Caliente y Acapulco.<\/p>\n\n\n\n<p>Desde el martes 10, se hab\u00eda dado la indicaci\u00f3n de que las clases se retomaran en los municipios de la Monta\u00f1a y la Costa Chica.<\/p>\n\n\n\n<p>Este jueves, el cuarto d\u00eda de la semana, de acuerdo con la valoraci\u00f3n hecha por Protecci\u00f3n Civil, hay condiciones para que las m\u00e1s de 10 mil escuelas que se encuentran distribuidas en los 81 municipios de la entidad retomen sus actividades.<\/p>\n","protected":false},"excerpt":{"rendered":"<p>&#8212; Con la excepci\u00f3n de las escuelas que hayan registrado un da\u00f1o por la Tormenta Tropical Max Rogelio Agust\u00edn El Gobierno de Guerrero confirm\u00f3 que este jueves 12 de octubre&hellip; <\/p>\n","protected":false},"author":21,"featured_media":69494,"comment_status":"open","ping_status":"open","sticky":false,"template":"","format":"standard","meta":{"fifu_image_url":"","fifu_image_alt":"","footnotes":""},"categories":[6],"tags":[],"class_list":["post-69492","post","type-post","status-publish","format-standard","has-post-thumbnail","hentry","category-educacion"],"_links":{"self":[{"href":"https:\/\/www.interaccionnoticias.com.mx\/index.php?rest_route=\/wp\/v2\/posts\/69492","targetHints":{"allow":["GET"]}}],"collection":[{"href":"https:\/\/www.interaccionnoticias.com.mx\/index.php?rest_route=\/wp\/v2\/posts"}],"about":[{"href":"https:\/\/www.interaccionnoticias.com.mx\/index.php?rest_route=\/wp\/v2\/types\/post"}],"author":[{"embeddable":true,"href":"https:\/\/www.interaccionnoticias.com.mx\/index.php?rest_route=\/wp\/v2\/users\/21"}],"replies":[{"embeddable":true,"href":"https:\/\/www.interaccionnoticias.com.mx\/index.php?rest_route=%2Fwp%2Fv2%2Fcomments&post=69492"}],"version-history":[{"count":1,"href":"https:\/\/www.interaccionnoticias.com.mx\/index.php?rest_route=\/wp\/v2\/posts\/69492\/revisions"}],"predecessor-version":[{"id":69495,"href":"https:\/\/www.interaccionnoticias.com.mx\/index.php?rest_route=\/wp\/v2\/posts\/69492\/revisions\/69495"}],"wp:featuredmedia":[{"embeddable":true,"href":"https:\/\/www.interaccionnoticias.com.mx\/index.php?rest_route=\/wp\/v2\/media\/69494"}],"wp:attachment":[{"href":"https:\/\/www.interaccionnoticias.com.mx\/index.php?rest_route=%2Fwp%2Fv2%2Fmedia&parent=69492"}],"wp:term":[{"taxonomy":"category","embeddable":true,"href":"https:\/\/www.interaccionnoticias.com.mx\/index.php?rest_route=%2Fwp%2Fv2%2Fcategories&post=69492"},{"taxonomy":"post_tag","embeddable":true,"href":"https:\/\/www.interaccionnoticias.com.mx\/index.php?rest_route=%2Fwp%2Fv2%2Ftags&post=69492"}],"curies":[{"name":"wp","href":"https:\/\/api.w.org\/{rel}","templated":true}]}}