{"id":69483,"date":"2023-10-11T16:15:00","date_gmt":"2023-10-11T21:15:00","guid":{"rendered":"https:\/\/interaccionnoticias.com.mx\/?p=69483"},"modified":"2023-10-11T19:47:39","modified_gmt":"2023-10-12T00:47:39","slug":"se-reune-la-gobernadora-evelyn-salgado-con-organizaciones-campesinas","status":"publish","type":"post","link":"https:\/\/www.interaccionnoticias.com.mx\/?p=69483","title":{"rendered":"Se re\u00fane la gobernadora Evelyn Salgado con organizaciones campesinas"},"content":{"rendered":"\n<p><strong><em>Reafirma encuentro con el sector<\/em><\/strong><\/p>\n\n\n\n<p>Con el objetivo de impulsar la producci\u00f3n agr\u00edcola y mejorar la calidad de vida de las comunidades rurales en el estado, la gobernadora Evelyn Salgado Pineda acompa\u00f1ada por el secretario de Agricultura, Ganader\u00eda, Pesca y Desarrollo Rural, Alejandro Zepeda Castorena, sostuvo una reuni\u00f3n con representantes de organizaciones campesinas en un di\u00e1logo directo.<\/p>\n\n\n\n<p>En el encuentro reafirm\u00f3 su compromiso con este sector productivo y destac\u00f3 el apoyo que se le ha brindado al campo guerrerense.<\/p>\n","protected":false},"excerpt":{"rendered":"<p>Reafirma encuentro con el sector Con el objetivo de impulsar la producci\u00f3n agr\u00edcola y mejorar la calidad de vida de las comunidades rurales en el estado, la gobernadora Evelyn Salgado&hellip; <\/p>\n","protected":false},"author":19,"featured_media":69484,"comment_status":"open","ping_status":"open","sticky":false,"template":"","format":"standard","meta":{"fifu_image_url":"","fifu_image_alt":"","footnotes":""},"categories":[11],"tags":[],"class_list":["post-69483","post","type-post","status-publish","format-standard","has-post-thumbnail","hentry","category-guerrero"],"_links":{"self":[{"href":"https:\/\/www.interaccionnoticias.com.mx\/index.php?rest_route=\/wp\/v2\/posts\/69483","targetHints":{"allow":["GET"]}}],"collection":[{"href":"https:\/\/www.interaccionnoticias.com.mx\/index.php?rest_route=\/wp\/v2\/posts"}],"about":[{"href":"https:\/\/www.interaccionnoticias.com.mx\/index.php?rest_route=\/wp\/v2\/types\/post"}],"author":[{"embeddable":true,"href":"https:\/\/www.interaccionnoticias.com.mx\/index.php?rest_route=\/wp\/v2\/users\/19"}],"replies":[{"embeddable":true,"href":"https:\/\/www.interaccionnoticias.com.mx\/index.php?rest_route=%2Fwp%2Fv2%2Fcomments&post=69483"}],"version-history":[{"count":1,"href":"https:\/\/www.interaccionnoticias.com.mx\/index.php?rest_route=\/wp\/v2\/posts\/69483\/revisions"}],"predecessor-version":[{"id":69485,"href":"https:\/\/www.interaccionnoticias.com.mx\/index.php?rest_route=\/wp\/v2\/posts\/69483\/revisions\/69485"}],"wp:featuredmedia":[{"embeddable":true,"href":"https:\/\/www.interaccionnoticias.com.mx\/index.php?rest_route=\/wp\/v2\/media\/69484"}],"wp:attachment":[{"href":"https:\/\/www.interaccionnoticias.com.mx\/index.php?rest_route=%2Fwp%2Fv2%2Fmedia&parent=69483"}],"wp:term":[{"taxonomy":"category","embeddable":true,"href":"https:\/\/www.interaccionnoticias.com.mx\/index.php?rest_route=%2Fwp%2Fv2%2Fcategories&post=69483"},{"taxonomy":"post_tag","embeddable":true,"href":"https:\/\/www.interaccionnoticias.com.mx\/index.php?rest_route=%2Fwp%2Fv2%2Ftags&post=69483"}],"curies":[{"name":"wp","href":"https:\/\/api.w.org\/{rel}","templated":true}]}}