{"id":69472,"date":"2023-10-11T15:20:19","date_gmt":"2023-10-11T20:20:19","guid":{"rendered":"https:\/\/interaccionnoticias.com.mx\/?p=69472"},"modified":"2023-10-11T15:20:21","modified_gmt":"2023-10-11T20:20:21","slug":"niega-mario-moreno-acuerdo-con-el-prd-respecto-a-la-formula-de-senadores-2024","status":"publish","type":"post","link":"https:\/\/www.interaccionnoticias.com.mx\/?p=69472","title":{"rendered":"Niega Mario Moreno acuerdo con el PRD respecto a la f\u00f3rmula de senadores 2024"},"content":{"rendered":"\n<p><strong><em>&#8212; \u00abLo que se pact\u00f3 en 2021, qued\u00f3 superado al perder la gubernatura\u00bb, asegura<br>&#8212; Lo \u00fanico que se mantiene con el PRD, es ir en alianza<\/em><\/strong><\/p>\n\n\n\n<p><strong>Rosario Garc\u00eda Orozco<\/strong><\/p>\n\n\n\n<p><strong>Chilpancingo, Gro., 11 de octubre del 2023.-<\/strong> El ex candidato a la gubernatura, Mario Moreno Arcos asegur\u00f3 que el acuerdo para que la primer candidatura al Senado de la Rep\u00fablica sea para el PRD perdi\u00f3 vigencia porque no se logr\u00f3 el triunfo en la elecci\u00f3n de gobernador, en 2021.<\/p>\n\n\n\n<p>Reconoci\u00f3 que s\u00ed hubo acuerdos con el PRD en el 2021, antes del proceso electoral anterior, pero lo que viene ya es otra coyuntura.<\/p>\n\n\n\n<p>\u00abAlgunos acuerdos se cumplieron, algunos no se cumplieron, pero es un proceso que cuando no se logr\u00f3 el prop\u00f3sito principal, que era ganar la gubernatura eso qued\u00f3 superado, qued\u00f3 atr\u00e1s, y no hay acuerdos\u00bb, anot\u00f3.<\/p>\n\n\n\n<p>El \u00fanico acuerdo que persiste es ir en alianza\u00bb en el siguiente proceso electoral, asegur\u00f3.<\/p>\n\n\n\n<p>La anterior declaraci\u00f3n se genera luego de que el ex presidente de Acapulco, Evodio Vel\u00e1zquez Aguirre y los dirigentes estatal y nacional del PRD, Alberto Catal\u00e1n Bastida y Jes\u00fas Zambrano Grijalva, respectivamente, han declarado que la primer f\u00f3rmula a senador por Guerrero la debe encabezar un perredista, por un acuerdo pactado en el 2021, y que por esa raz\u00f3n, en aquel tiempo, cedieron la candidatura a gobernador al priista Moreno Arcos.<\/p>\n\n\n\n<p>Agreg\u00f3 que ya ha platicando con los dirigentes nacionales de los 3 partidos del FAM, \u00ables he se\u00f1alado mi decisi\u00f3n de participar en la b\u00fasqueda del Senado de la Rep\u00fablica, y tambi\u00e9n de participar en una medici\u00f3n a efecto de que el mejor posicionado, el m\u00e1s fuerte, pueda encabezar la alianza\u00bb.<\/p>\n\n\n\n<p>Consider\u00f3 que el mismo proceso que se sigui\u00f3 para determinar qui\u00e9n encabezar\u00e1 la alianza a nivel nacional, cuando se decidi\u00f3 impulsar a X\u00f3chitl G\u00e1lvez, se aplique en Guerrero, \u00abdefinitivamente creo que lo que se hizo en el contexto nacional para determinar qui\u00e9n coordinada el Frente Amplio por M\u00e9xico para la presidencia de M\u00e9xico debe replicarse en Guerrero\u00bb.<\/p>\n\n\n\n<p>Vamos a ganar las dos posiciones al senado de la Rep\u00fablica, asegur\u00f3 Mario Moreno<\/p>\n\n\n\n<p>Mario Moreno Arcos asegur\u00f3 que en el siguiente proceso en Guerrero el Frente Amplio por M\u00e9xico va a ganar las dos posiciones del Senado de la Rep\u00fablica por los que se va a contender, por lo que va incluido o incluida quien sea la propuesta del Partido de la Revoluci\u00f3n Democr\u00e1tica (PRD).<\/p>\n\n\n\n<p>Dijo que hoy m\u00e1s que nunca hay las concidiones para ganar las dos Senadur\u00edas de la Rep\u00fablica para Guerrero, \u00abpor eso es importate para el PRD que haya mucha claridad en que si ellos est\u00e1n mejor posicionados puedan ir en el lugar uno, y si no, en el lugar dos, porque insisto, vamos a ganar las dos senadur\u00edas de la Rep\u00fablica, porque hoy hay condiciones en Guerrero por diferentes razones que no hace falta enumerar, pero considero que vamos tambi\u00e9n por la segunda posici\u00f3n, porque vamos a ganar la elecci\u00f3n, porque lo que nos va a permitir ganar es ir juntos y estar juntos\u00bb.<\/p>\n\n\n\n<p>El ex presidente municipal de Chilapancingo coment\u00f3 que su equipo de trabajo ya ha realizado algunas mediciones sobre su posicionamiento, \u00aba lo mejor por eso estoy tan seguro\u00bb, enfatiz\u00f3.<\/p>\n\n\n\n<p>Sobre la participaci\u00f3n de varios personajes identificados con el PRI en la visita de la aspirante a la presidencia de la Rep\u00fablica por Morena, Claudia Sheinbaum Pardo a esta capital, el priista solo coment\u00f3 que se trataba de personajes que ya se hab\u00edan ido del PRI hace tiempo, \u00abno fue nada nuevo, a nadie impresionaron con eso, son decisiones que uno toma en su vida personal, y yo soy muy respetuoso de esas decisiones, ojal\u00e1 que les vaya bien; pero no veo c\u00f3mo les vayan a dar espacios, se los digo desde ahora, tristemente, porque all\u00e1 las cosas se ponen de a peso\u00bb.<\/p>\n","protected":false},"excerpt":{"rendered":"<p>&#8212; \u00abLo que se pact\u00f3 en 2021, qued\u00f3 superado al perder la gubernatura\u00bb, asegura&#8212; Lo \u00fanico que se mantiene con el PRD, es ir en alianza Rosario Garc\u00eda Orozco Chilpancingo,&hellip; <\/p>\n","protected":false},"author":14,"featured_media":69473,"comment_status":"open","ping_status":"open","sticky":false,"template":"","format":"standard","meta":{"fifu_image_url":"","fifu_image_alt":"","footnotes":""},"categories":[21],"tags":[],"class_list":["post-69472","post","type-post","status-publish","format-standard","has-post-thumbnail","hentry","category-politica"],"_links":{"self":[{"href":"https:\/\/www.interaccionnoticias.com.mx\/index.php?rest_route=\/wp\/v2\/posts\/69472","targetHints":{"allow":["GET"]}}],"collection":[{"href":"https:\/\/www.interaccionnoticias.com.mx\/index.php?rest_route=\/wp\/v2\/posts"}],"about":[{"href":"https:\/\/www.interaccionnoticias.com.mx\/index.php?rest_route=\/wp\/v2\/types\/post"}],"author":[{"embeddable":true,"href":"https:\/\/www.interaccionnoticias.com.mx\/index.php?rest_route=\/wp\/v2\/users\/14"}],"replies":[{"embeddable":true,"href":"https:\/\/www.interaccionnoticias.com.mx\/index.php?rest_route=%2Fwp%2Fv2%2Fcomments&post=69472"}],"version-history":[{"count":1,"href":"https:\/\/www.interaccionnoticias.com.mx\/index.php?rest_route=\/wp\/v2\/posts\/69472\/revisions"}],"predecessor-version":[{"id":69474,"href":"https:\/\/www.interaccionnoticias.com.mx\/index.php?rest_route=\/wp\/v2\/posts\/69472\/revisions\/69474"}],"wp:featuredmedia":[{"embeddable":true,"href":"https:\/\/www.interaccionnoticias.com.mx\/index.php?rest_route=\/wp\/v2\/media\/69473"}],"wp:attachment":[{"href":"https:\/\/www.interaccionnoticias.com.mx\/index.php?rest_route=%2Fwp%2Fv2%2Fmedia&parent=69472"}],"wp:term":[{"taxonomy":"category","embeddable":true,"href":"https:\/\/www.interaccionnoticias.com.mx\/index.php?rest_route=%2Fwp%2Fv2%2Fcategories&post=69472"},{"taxonomy":"post_tag","embeddable":true,"href":"https:\/\/www.interaccionnoticias.com.mx\/index.php?rest_route=%2Fwp%2Fv2%2Ftags&post=69472"}],"curies":[{"name":"wp","href":"https:\/\/api.w.org\/{rel}","templated":true}]}}