{"id":6947,"date":"2017-08-03T20:15:38","date_gmt":"2017-08-04T01:15:38","guid":{"rendered":"http:\/\/www.inter-accion.com.mx\/?p=6947"},"modified":"2017-08-03T20:15:38","modified_gmt":"2017-08-04T01:15:38","slug":"ataca-a-policias-y-lo-capturan-con-vehiculo-robado","status":"publish","type":"post","link":"https:\/\/www.interaccionnoticias.com.mx\/?p=6947","title":{"rendered":"Ataca a polic\u00edas y lo capturan con veh\u00edculo robado"},"content":{"rendered":"<p><strong>Tiene orden de reaprehensi\u00f3n&nbsp;<\/strong><br \/>\n<strong>Acapulco, Gro.-<\/strong> Tras agredir a efectivos de la Polic\u00eda&nbsp;Estatal adscritos a la Coordinaci\u00f3n Operativa de la Regi\u00f3n de Costa Grande, un hombre fue asegurado en Coyuca de Ben\u00edtez a y en posesi\u00f3n de un arma de fuego y un veh\u00edculo con reporte de robo.<br \/>\nPolic\u00edas del Estado que mantienen en operaci\u00f3n un puesto de vigilancia en la carretera federal Acapulco\u2013Zihuatanejo a la altura de la comunidad de El Papayo como parte del Operativo de Seguridad \u201cVerano 2017\u201d, le marcaron el alto al conductor de un veh\u00edculo marca Hyundai.<br \/>\nEl presunto agresor, realiz\u00f3 disparos de arma de fuego contra el personal policial estatal el cual repeli\u00f3 la agresi\u00f3n; luego, el conductor del veh\u00edculo dio marcha atr\u00e1s hasta impactar contra un anuncio vial, en seguida abandon\u00f3 el autom\u00f3vil y huy\u00f3 pie tierra por una calle de terracer\u00eda.<br \/>\nM\u00e1s tarde fue alcanzado por oficiales de Seguridad P\u00fablica y lograron someterlo, el agresor se identific\u00f3 como Rafael \u201cN\u201d de 40 a\u00f1os, originario del puerto de Acapulco, a quien le fue asegurada un arma de fuego tipo escuadra, calibre 22 mil\u00edmetros, con un cargador abastecido con un cartucho \u00fatil y un cartucho m\u00e1s en la rec\u00e1mara del arma.<br \/>\nTras el intercambio de disparos, el presunto agresor Rafael \u201cN\u201d sufri\u00f3 una herida leve en el hombro izquierdo, la unidad patrulla de la Polic\u00eda Estatal recibi\u00f3 tres orificios de arma de fuego en la batea.<br \/>\nLa unidad en la que viajaba el presunto inculpado tuvo da\u00f1os por colisi\u00f3n y un impacto de arma de fuego; al interior del mismo, fueron localizados cuatro cartuchos percutidos calibre 22.<br \/>\nCabe destacar que luego de consultar la situaci\u00f3n legal de Rafael \u201cN\u201d, result\u00f3 con orden de reaprehensi\u00f3n vigente relacionada y la cual est\u00e1 vinculada con la Averiguaci\u00f3n Previa TAB\/A.ESP\/659\/02.<br \/>\nAsimismo, el veh\u00edculo fue identificado con reporte de robo en el sistema del Registro P\u00fablico Vehicular de fecha 30 de julio del a\u00f1o en curso.<br \/>\nPor lo anterior, Rafael \u201cN\u201d fue trasladado al Hospital B\u00e1sico Comunitario de Coyuca de Ben\u00edtez a fin de recibir atenci\u00f3n m\u00e9dica y posteriormente ser puesto a disposici\u00f3n junto al armamento y el veh\u00edculo ante las autoridades competentes.<\/p>\n","protected":false},"excerpt":{"rendered":"<p>Tiene orden de reaprehensi\u00f3n&nbsp; Acapulco, Gro.- Tras agredir a efectivos de la Polic\u00eda&nbsp;Estatal adscritos a la Coordinaci\u00f3n Operativa de la Regi\u00f3n de Costa Grande, un hombre fue asegurado en Coyuca&hellip; <\/p>\n","protected":false},"author":1,"featured_media":0,"comment_status":"closed","ping_status":"closed","sticky":false,"template":"","format":"standard","meta":{"fifu_image_url":"","fifu_image_alt":"","footnotes":""},"categories":[8,27],"tags":[],"class_list":["post-6947","post","type-post","status-publish","format-standard","hentry","category-featured","category-seguridad-publica"],"_links":{"self":[{"href":"https:\/\/www.interaccionnoticias.com.mx\/index.php?rest_route=\/wp\/v2\/posts\/6947","targetHints":{"allow":["GET"]}}],"collection":[{"href":"https:\/\/www.interaccionnoticias.com.mx\/index.php?rest_route=\/wp\/v2\/posts"}],"about":[{"href":"https:\/\/www.interaccionnoticias.com.mx\/index.php?rest_route=\/wp\/v2\/types\/post"}],"author":[{"embeddable":true,"href":"https:\/\/www.interaccionnoticias.com.mx\/index.php?rest_route=\/wp\/v2\/users\/1"}],"replies":[{"embeddable":true,"href":"https:\/\/www.interaccionnoticias.com.mx\/index.php?rest_route=%2Fwp%2Fv2%2Fcomments&post=6947"}],"version-history":[{"count":0,"href":"https:\/\/www.interaccionnoticias.com.mx\/index.php?rest_route=\/wp\/v2\/posts\/6947\/revisions"}],"wp:attachment":[{"href":"https:\/\/www.interaccionnoticias.com.mx\/index.php?rest_route=%2Fwp%2Fv2%2Fmedia&parent=6947"}],"wp:term":[{"taxonomy":"category","embeddable":true,"href":"https:\/\/www.interaccionnoticias.com.mx\/index.php?rest_route=%2Fwp%2Fv2%2Fcategories&post=6947"},{"taxonomy":"post_tag","embeddable":true,"href":"https:\/\/www.interaccionnoticias.com.mx\/index.php?rest_route=%2Fwp%2Fv2%2Ftags&post=6947"}],"curies":[{"name":"wp","href":"https:\/\/api.w.org\/{rel}","templated":true}]}}