{"id":6944,"date":"2017-08-03T19:57:50","date_gmt":"2017-08-04T00:57:50","guid":{"rendered":"http:\/\/www.inter-accion.com.mx\/?p=6944"},"modified":"2017-08-03T19:57:50","modified_gmt":"2017-08-04T00:57:50","slug":"niega-bruno-placido-que-la-upoeg-ya-opere-en-chichihualco","status":"publish","type":"post","link":"https:\/\/www.interaccionnoticias.com.mx\/?p=6944","title":{"rendered":"Niega Bruno Placido que la UPOEG ya opere en Chichihualco"},"content":{"rendered":"<p><strong>Hay propuestas, pero hasta el momento nada concreto<\/strong><br \/>\nEl dirigente de la Uni\u00f3n de Pueblos y Organizaciones del Estado de Guerrero (UPOEG), Bruno Placido Valerio rechaz\u00f3 que dicha organizaci\u00f3n de autodefensa est\u00e9 operando en Chichihualco, como lo han se\u00f1alado algunos vecinos.<br \/>\nAunque durante la movilizaci\u00f3n que se desarroll\u00f3 el pasado lunes 31 de julio en la cabecera municipal de Chichihualco hubo gritos a favor de la Polic\u00eda Ciudadana de la UPOEG, el dirigente social neg\u00f3 que haya una actitud encubierta en el municipio de referencia.<br \/>\n\u201cCuando llegamos a un pueblo lo hacemos bien y abiertamente\u201d, asegur\u00f3 el dirigente social.<br \/>\nReconoci\u00f3 que se han realizado algunas incursiones en varias comunidades de la sierra, pero aclar\u00f3 que quienes lo hicieron actuaron solo a titulo personal, sin el aval de la organizaci\u00f3n.<br \/>\nReconoci\u00f3 que s\u00ed ha escuchado sobre el inter\u00e9s que tienen los habitantes de la cabecera municipal en el sentido de integrar una polic\u00eda ciudadana, aunque no necesariamente incorporada a la Uni\u00f3n de Pueblos.<br \/>\nSobre el tema dijo que ya dialog\u00f3 con representantes de varias comunidades y con el propio gobierno municipal, se han cruzado algunos puntos de vista a favor, pero hasta el momento no se tienen acuerdos concretos.<br \/>\n\u201cNosotros no estamos haciendo presencia en Chichihualco. Efectivamente hay gente que simpatiza con el proyecto, pero nosotros todav\u00eda no hemos ingresado\u201d, asever\u00f3.<br \/>\nRespecto a la marcha del 31 de julio, dijo que efectivamente, hubo algunas personas que se deslazaron desde varias comunidades y se pusieron las playeras de la UPOEG para marchar en contra de la Polic\u00eda Federal (PF), pero aclar\u00f3 que se trat\u00f3 de una acci\u00f3n que se desarroll\u00f3 completamente a titulo personal.<br \/>\nEn esa parte, precis\u00f3 que la UPOEG no fomenta la confrontaci\u00f3n entre la poblaci\u00f3n y las autoridades.<br \/>\nEn todo caso, dijo que si existen diferencias lo mejor es dialogar, tratar de llegar a u acuerdo y no permitir que se imponga la polarizaci\u00f3n.<\/p>\n","protected":false},"excerpt":{"rendered":"<p>Hay propuestas, pero hasta el momento nada concreto El dirigente de la Uni\u00f3n de Pueblos y Organizaciones del Estado de Guerrero (UPOEG), Bruno Placido Valerio rechaz\u00f3 que dicha organizaci\u00f3n de&hellip; <\/p>\n","protected":false},"author":1,"featured_media":0,"comment_status":"closed","ping_status":"closed","sticky":false,"template":"","format":"standard","meta":{"fifu_image_url":"","fifu_image_alt":"","footnotes":""},"categories":[8,15],"tags":[],"class_list":["post-6944","post","type-post","status-publish","format-standard","hentry","category-featured","category-movimientos-sociales"],"_links":{"self":[{"href":"https:\/\/www.interaccionnoticias.com.mx\/index.php?rest_route=\/wp\/v2\/posts\/6944","targetHints":{"allow":["GET"]}}],"collection":[{"href":"https:\/\/www.interaccionnoticias.com.mx\/index.php?rest_route=\/wp\/v2\/posts"}],"about":[{"href":"https:\/\/www.interaccionnoticias.com.mx\/index.php?rest_route=\/wp\/v2\/types\/post"}],"author":[{"embeddable":true,"href":"https:\/\/www.interaccionnoticias.com.mx\/index.php?rest_route=\/wp\/v2\/users\/1"}],"replies":[{"embeddable":true,"href":"https:\/\/www.interaccionnoticias.com.mx\/index.php?rest_route=%2Fwp%2Fv2%2Fcomments&post=6944"}],"version-history":[{"count":0,"href":"https:\/\/www.interaccionnoticias.com.mx\/index.php?rest_route=\/wp\/v2\/posts\/6944\/revisions"}],"wp:attachment":[{"href":"https:\/\/www.interaccionnoticias.com.mx\/index.php?rest_route=%2Fwp%2Fv2%2Fmedia&parent=6944"}],"wp:term":[{"taxonomy":"category","embeddable":true,"href":"https:\/\/www.interaccionnoticias.com.mx\/index.php?rest_route=%2Fwp%2Fv2%2Fcategories&post=6944"},{"taxonomy":"post_tag","embeddable":true,"href":"https:\/\/www.interaccionnoticias.com.mx\/index.php?rest_route=%2Fwp%2Fv2%2Ftags&post=6944"}],"curies":[{"name":"wp","href":"https:\/\/api.w.org\/{rel}","templated":true}]}}