{"id":69385,"date":"2023-10-10T15:07:08","date_gmt":"2023-10-10T20:07:08","guid":{"rendered":"https:\/\/interaccionnoticias.com.mx\/?p=69385"},"modified":"2023-10-10T15:07:11","modified_gmt":"2023-10-10T20:07:11","slug":"la-tormenta-tropical-max-se-degrado-a-baja-presion-remanente-pero-seguira-generando-lluvias-de-baja-intensidad-sgirpcgro","status":"publish","type":"post","link":"https:\/\/www.interaccionnoticias.com.mx\/?p=69385","title":{"rendered":"La Tormenta Tropical \u201cMax\u201d, se degrado a Baja Presi\u00f3n Remanente, pero seguir\u00e1 generando lluvias de baja intensidad: SGIRPCGRO"},"content":{"rendered":"\n<p><em><strong>&#8212; Adem\u00e1s se prev\u00e9n lluvias en Guerrero por Hurac\u00e1n Lidia ubicado frente a las costas de Jalisco<\/strong><\/em><\/p>\n\n\n\n<p><strong>Chilpancingo, Gro., 10 de octubre de 2023.-<\/strong> La Secretar\u00eda de Gesti\u00f3n Integral de Riesgos y Protecci\u00f3n Civil inform\u00f3 que la circulaci\u00f3n nubosa de \u201cMax\u201d, ahora como Baja Presi\u00f3n Remanente, seguir\u00e1 afectando al estado de Guerrero con lluvias de variada intensidad durante el transcurso de las pr\u00f3ximas 24 horas.<\/p>\n\n\n\n<p>Dicho sistema actualmente se localiza sobre el extremo oriente del vecino estado de Michoac\u00e1n, presentando vientos m\u00e1ximos sostenidos de 40 kil\u00f3metros por hora y rachas de 55 kil\u00f3metros por hora, con desplazamiento hacia el nor-noreste a 19 kil\u00f3metros por hora.<\/p>\n\n\n\n<p>Por otro lado, se prev\u00e9 que el Hurac\u00e1n \u201cLidia\u201d toque tierra en las costas de Jalisco como categor\u00eda 2, el cual podr\u00eda afectar al estado de Guerrero con sus amplias bandas nubosas, aportando precipitaciones de variada intensidad en las regiones Costa Grande, Sierra y Acapulco a partir de la tarde y noche de este martes.<\/p>\n\n\n\n<p>La dependencia estatal recomienda extremar medidas de precauci\u00f3n, sobre todo en zonas de alto riesgo, propensas a derrumbes, deslaves e inundaciones, as\u00ed como con el incremento de los niveles de r\u00edos, arroyos y lagunas.<\/p>\n","protected":false},"excerpt":{"rendered":"<p>&#8212; Adem\u00e1s se prev\u00e9n lluvias en Guerrero por Hurac\u00e1n Lidia ubicado frente a las costas de Jalisco Chilpancingo, Gro., 10 de octubre de 2023.- La Secretar\u00eda de Gesti\u00f3n Integral de&hellip; <\/p>\n","protected":false},"author":19,"featured_media":69386,"comment_status":"open","ping_status":"open","sticky":false,"template":"","format":"standard","meta":{"fifu_image_url":"","fifu_image_alt":"","footnotes":""},"categories":[9],"tags":[],"class_list":["post-69385","post","type-post","status-publish","format-standard","has-post-thumbnail","hentry","category-fenomenos-naturales"],"_links":{"self":[{"href":"https:\/\/www.interaccionnoticias.com.mx\/index.php?rest_route=\/wp\/v2\/posts\/69385","targetHints":{"allow":["GET"]}}],"collection":[{"href":"https:\/\/www.interaccionnoticias.com.mx\/index.php?rest_route=\/wp\/v2\/posts"}],"about":[{"href":"https:\/\/www.interaccionnoticias.com.mx\/index.php?rest_route=\/wp\/v2\/types\/post"}],"author":[{"embeddable":true,"href":"https:\/\/www.interaccionnoticias.com.mx\/index.php?rest_route=\/wp\/v2\/users\/19"}],"replies":[{"embeddable":true,"href":"https:\/\/www.interaccionnoticias.com.mx\/index.php?rest_route=%2Fwp%2Fv2%2Fcomments&post=69385"}],"version-history":[{"count":1,"href":"https:\/\/www.interaccionnoticias.com.mx\/index.php?rest_route=\/wp\/v2\/posts\/69385\/revisions"}],"predecessor-version":[{"id":69387,"href":"https:\/\/www.interaccionnoticias.com.mx\/index.php?rest_route=\/wp\/v2\/posts\/69385\/revisions\/69387"}],"wp:featuredmedia":[{"embeddable":true,"href":"https:\/\/www.interaccionnoticias.com.mx\/index.php?rest_route=\/wp\/v2\/media\/69386"}],"wp:attachment":[{"href":"https:\/\/www.interaccionnoticias.com.mx\/index.php?rest_route=%2Fwp%2Fv2%2Fmedia&parent=69385"}],"wp:term":[{"taxonomy":"category","embeddable":true,"href":"https:\/\/www.interaccionnoticias.com.mx\/index.php?rest_route=%2Fwp%2Fv2%2Fcategories&post=69385"},{"taxonomy":"post_tag","embeddable":true,"href":"https:\/\/www.interaccionnoticias.com.mx\/index.php?rest_route=%2Fwp%2Fv2%2Ftags&post=69385"}],"curies":[{"name":"wp","href":"https:\/\/api.w.org\/{rel}","templated":true}]}}