{"id":69337,"date":"2023-10-09T18:58:28","date_gmt":"2023-10-09T23:58:28","guid":{"rendered":"https:\/\/interaccionnoticias.com.mx\/?p=69337"},"modified":"2023-10-09T18:58:30","modified_gmt":"2023-10-09T23:58:30","slug":"por-lluvias-intensas-se-mantiene-la-suspension-de-clases-en-seis-regiones-de-guerrero","status":"publish","type":"post","link":"https:\/\/www.interaccionnoticias.com.mx\/?p=69337","title":{"rendered":"Por lluvias intensas, se mantiene la suspensi\u00f3n de clases en seis regiones de Guerrero"},"content":{"rendered":"\n<p><strong><em>&#8212; Solamente en Costa Chica y la Monta\u00f1a las escuelas reabrir\u00e1n sus puertas<br>&#8212; La propia gobernadora Evelyn Salgado Pineda confirm\u00f3 la decisi\u00f3n<\/em><\/strong><\/p>\n\n\n\n<p><strong>Rogelio Agust\u00edn<\/strong><\/p>\n\n\n\n<p>Derivado de la situaci\u00f3n climatol\u00f3gica que prevalece, el Gobierno de Guerrero decidi\u00f3 mantener la suspensi\u00f3n de las actividades acad\u00e9micas en seis de las ocho regiones del estado, con la intenci\u00f3n de salvaguardar la integridad de los estudiantes, del personal docente, as\u00ed como los trabajadores administrativos y de intendencia.<\/p>\n\n\n\n<p>La tarde del lunes 9 de octubre, la gobernadora Evelyn Salgado Pineda difundi\u00f3 en sus redes sociales la notificaci\u00f3n que tambi\u00e9n confirm\u00f3 la Secretar\u00eda de Educaci\u00f3n Guerrero (SEG).<\/p>\n\n\n\n<p>La publicaci\u00f3n de la titular del Ejecutivo local se\u00f1ala: \u201cDebido a las condiciones meteorol\u00f3gicas en la entidad y con el firme prop\u00f3sito de salvaguardar la integridad de estudiantes y docentes, informamos a trav\u00e9s de la Secretar\u00eda de Educaci\u00f3n Guerrero la suspensi\u00f3n de clases en todos los niveles educativos para el d\u00eda de ma\u00f1ana martes 10 de octubre en la regi\u00f3n Costa Grande, Acapulco, Sierra, Tierra Caliente, Norte y Centro\u201d.<\/p>\n\n\n\n<p>Las regiones en las que s\u00ed se regresar\u00e1 a clases, tras la suspensi\u00f3n general de este lunes 9, son la Costa Chica y la Monta\u00f1a, donde de acuerdo con los reportes, las lluvias no han sido tan intensas.<\/p>\n\n\n\n<p>Desde la tarde del s\u00e1bado 7 de octubre, el Consejo Estatal de Protecci\u00f3n Civil se mantiene en alerta permanente.<\/p>\n","protected":false},"excerpt":{"rendered":"<p>&#8212; Solamente en Costa Chica y la Monta\u00f1a las escuelas reabrir\u00e1n sus puertas&#8212; La propia gobernadora Evelyn Salgado Pineda confirm\u00f3 la decisi\u00f3n Rogelio Agust\u00edn Derivado de la situaci\u00f3n climatol\u00f3gica que&hellip; <\/p>\n","protected":false},"author":21,"featured_media":69338,"comment_status":"open","ping_status":"open","sticky":false,"template":"","format":"standard","meta":{"fifu_image_url":"","fifu_image_alt":"","footnotes":""},"categories":[6],"tags":[],"class_list":["post-69337","post","type-post","status-publish","format-standard","has-post-thumbnail","hentry","category-educacion"],"_links":{"self":[{"href":"https:\/\/www.interaccionnoticias.com.mx\/index.php?rest_route=\/wp\/v2\/posts\/69337","targetHints":{"allow":["GET"]}}],"collection":[{"href":"https:\/\/www.interaccionnoticias.com.mx\/index.php?rest_route=\/wp\/v2\/posts"}],"about":[{"href":"https:\/\/www.interaccionnoticias.com.mx\/index.php?rest_route=\/wp\/v2\/types\/post"}],"author":[{"embeddable":true,"href":"https:\/\/www.interaccionnoticias.com.mx\/index.php?rest_route=\/wp\/v2\/users\/21"}],"replies":[{"embeddable":true,"href":"https:\/\/www.interaccionnoticias.com.mx\/index.php?rest_route=%2Fwp%2Fv2%2Fcomments&post=69337"}],"version-history":[{"count":1,"href":"https:\/\/www.interaccionnoticias.com.mx\/index.php?rest_route=\/wp\/v2\/posts\/69337\/revisions"}],"predecessor-version":[{"id":69339,"href":"https:\/\/www.interaccionnoticias.com.mx\/index.php?rest_route=\/wp\/v2\/posts\/69337\/revisions\/69339"}],"wp:featuredmedia":[{"embeddable":true,"href":"https:\/\/www.interaccionnoticias.com.mx\/index.php?rest_route=\/wp\/v2\/media\/69338"}],"wp:attachment":[{"href":"https:\/\/www.interaccionnoticias.com.mx\/index.php?rest_route=%2Fwp%2Fv2%2Fmedia&parent=69337"}],"wp:term":[{"taxonomy":"category","embeddable":true,"href":"https:\/\/www.interaccionnoticias.com.mx\/index.php?rest_route=%2Fwp%2Fv2%2Fcategories&post=69337"},{"taxonomy":"post_tag","embeddable":true,"href":"https:\/\/www.interaccionnoticias.com.mx\/index.php?rest_route=%2Fwp%2Fv2%2Ftags&post=69337"}],"curies":[{"name":"wp","href":"https:\/\/api.w.org\/{rel}","templated":true}]}}