{"id":69327,"date":"2023-10-09T17:09:52","date_gmt":"2023-10-09T22:09:52","guid":{"rendered":"https:\/\/interaccionnoticias.com.mx\/?p=69327"},"modified":"2023-10-09T17:09:55","modified_gmt":"2023-10-09T22:09:55","slug":"trabajadores-del-cecyteg-cierran-su-centro-de-trabajo-para-exigir-salida-del-director","status":"publish","type":"post","link":"https:\/\/www.interaccionnoticias.com.mx\/?p=69327","title":{"rendered":"Trabajadores del CECyTEG cierran su centro de trabajo para exigir salida del director"},"content":{"rendered":"\n<p><strong>Jes\u00fas Dorantes<\/strong><\/p>\n\n\n\n<p><strong>Chilpancingo, Gro.-<\/strong> Trabajadores agremiados al Sindicato Democr\u00e1tico del Colegio de Estudios Cient\u00edficos y Tecnol\u00f3gicos del Estado de Guerrero y Centros de Educaci\u00f3n Media Superior a Distancia (CECyTEC-EMSAD), bloquearon la avenida L\u00e1zaro C\u00e1rdenas para cerrar sus oficinas y exigir la destituci\u00f3n del director, Edmundo Gatica Carmona.<\/p>\n\n\n\n<p>La jornada del lunes, decenas de trabajadores administrativos cerraron la circulaci\u00f3n en la avenida de referencia, colocando cuerdas y lonas, adem\u00e1s de anunciar un paro de labores qu\u00e9 se suma al que existe actualmente en 10 planteles del CECYTEC y 82 del sistema EMSAD.<\/p>\n\n\n\n<p>El l\u00edder sindical, Margarito God\u00ednez De Dios denunci\u00f3 que a pesar de que el mes pasado sostuvieron un di\u00e1logo con el director general, Edmundo Gatica, en el que expusieron que la aplicaci\u00f3n del nuevo marco curricular perjudica laboralmente a sus compa\u00f1eros docentes, sus observaciones no fueron tomados en cuenta.<\/p>\n\n\n\n<p>El marco curricular aseguran que no es conveniente para ellos, ya que les quita horas frente a grupo, desaparece materias y se reducen horas, lo que implica que se reduzcan los salarios.<\/p>\n\n\n\n<p>En el paro laboral, de acuerdo con God\u00ednez de Dios, participan 350 trabajadores de las diferentes regiones, los cuales no retornar\u00e1n a sus labores hasta que la Secretar\u00eda de Educaci\u00f3n Guerrero (SEG), o el Gobierno Estatal atienda sus demandas.<\/p>\n","protected":false},"excerpt":{"rendered":"<p>Jes\u00fas Dorantes Chilpancingo, Gro.- Trabajadores agremiados al Sindicato Democr\u00e1tico del Colegio de Estudios Cient\u00edficos y Tecnol\u00f3gicos del Estado de Guerrero y Centros de Educaci\u00f3n Media Superior a Distancia (CECyTEC-EMSAD), bloquearon&hellip; <\/p>\n","protected":false},"author":8,"featured_media":69328,"comment_status":"open","ping_status":"open","sticky":false,"template":"","format":"standard","meta":{"fifu_image_url":"","fifu_image_alt":"","footnotes":""},"categories":[6],"tags":[],"class_list":["post-69327","post","type-post","status-publish","format-standard","has-post-thumbnail","hentry","category-educacion"],"_links":{"self":[{"href":"https:\/\/www.interaccionnoticias.com.mx\/index.php?rest_route=\/wp\/v2\/posts\/69327","targetHints":{"allow":["GET"]}}],"collection":[{"href":"https:\/\/www.interaccionnoticias.com.mx\/index.php?rest_route=\/wp\/v2\/posts"}],"about":[{"href":"https:\/\/www.interaccionnoticias.com.mx\/index.php?rest_route=\/wp\/v2\/types\/post"}],"author":[{"embeddable":true,"href":"https:\/\/www.interaccionnoticias.com.mx\/index.php?rest_route=\/wp\/v2\/users\/8"}],"replies":[{"embeddable":true,"href":"https:\/\/www.interaccionnoticias.com.mx\/index.php?rest_route=%2Fwp%2Fv2%2Fcomments&post=69327"}],"version-history":[{"count":1,"href":"https:\/\/www.interaccionnoticias.com.mx\/index.php?rest_route=\/wp\/v2\/posts\/69327\/revisions"}],"predecessor-version":[{"id":69329,"href":"https:\/\/www.interaccionnoticias.com.mx\/index.php?rest_route=\/wp\/v2\/posts\/69327\/revisions\/69329"}],"wp:featuredmedia":[{"embeddable":true,"href":"https:\/\/www.interaccionnoticias.com.mx\/index.php?rest_route=\/wp\/v2\/media\/69328"}],"wp:attachment":[{"href":"https:\/\/www.interaccionnoticias.com.mx\/index.php?rest_route=%2Fwp%2Fv2%2Fmedia&parent=69327"}],"wp:term":[{"taxonomy":"category","embeddable":true,"href":"https:\/\/www.interaccionnoticias.com.mx\/index.php?rest_route=%2Fwp%2Fv2%2Fcategories&post=69327"},{"taxonomy":"post_tag","embeddable":true,"href":"https:\/\/www.interaccionnoticias.com.mx\/index.php?rest_route=%2Fwp%2Fv2%2Ftags&post=69327"}],"curies":[{"name":"wp","href":"https:\/\/api.w.org\/{rel}","templated":true}]}}