{"id":69263,"date":"2023-10-08T15:44:00","date_gmt":"2023-10-08T20:44:00","guid":{"rendered":"https:\/\/interaccionnoticias.com.mx\/?p=69263"},"modified":"2023-10-08T22:00:46","modified_gmt":"2023-10-09T03:00:46","slug":"gobierno-de-guerrero-suspende-clases-en-toda-la-entidad-por-la-depresion-tropical-16-e","status":"publish","type":"post","link":"https:\/\/www.interaccionnoticias.com.mx\/?p=69263","title":{"rendered":"Gobierno de Guerrero suspende clases en toda la entidad, por la Depresi\u00f3n Tropical 16-E"},"content":{"rendered":"\n<p><strong><em>&#8212; Desde el s\u00e1bado, el Consejo Estatal de Protecci\u00f3n Civil se declar\u00f3 en sesi\u00f3n permanente<\/em><\/strong><\/p>\n\n\n\n<p><strong>Rosario Garc\u00eda Orozco<\/strong><\/p>\n\n\n\n<p><strong>Chilpancingo, Gro., 8 de octubre del 2023.-<\/strong> La secretar\u00eda de educaci\u00f3n en Guerrero (SEG) dio a conocer la suspenci\u00f3n de las clases en todos los niveles educativos en las ocho regiones que integran la entidad, a consecuencia de la depresi\u00f3n Tropical 16-E, que se form\u00f3 en el Oc\u00e9ano Pac\u00edfico.<\/p>\n\n\n\n<p>La SEG emiti\u00f3 un escueto comunicado en el que se\u00f1ala: \u00abEn atenci\u00f3n a las recomendaciones de la Secretar\u00eda de Gesti\u00f3n Integral de Riesgos y Protecci\u00f3n Civil, de que la depresi\u00f3n Tropical 16-E podr\u00eda evolucionar a Tormenta Tropical Max, con el objetivo de salvaguardar la seguridad de los estudiantes, maestros y administrativos, determinaron suspender las labores este lunes 9 de octubre\u201d.<\/p>\n\n\n\n<p>Se anota que la suspensi\u00f3n de actividades acad\u00e9micas y administrativas es para todos los niveles de todos los planteles educativos en ambos turnos.<\/p>\n\n\n\n<p>De acuerdo con Protecci\u00f3n Civil, el fen\u00f3meno natural generar\u00e1 lluvias torrenciales en gran parte del estado, principalmente en las regiones Costa Chica, Acapulco, Centro, Sierra y Costa Grande.<\/p>\n\n\n\n<p>El Gobierno del Estadi recomend\u00f3 a la poblaci\u00f3n extremar medidas de precauci\u00f3n, sobre todo en zonas de alto riesgo, propensas a derrumbes y deslaves, as\u00ed como lugares bajos con posibilidad de inundaci\u00f3n por desbordamiento de r\u00edos y arroyos.<\/p>\n\n\n\n<p>Desde la jornada del s\u00e1bado 7 de octubre, la gobernadora instal\u00f3 el Consejo Estatal de Protecci\u00f3n Civil, mismo que se declar\u00f3 en sesi\u00f3n permanente.<\/p>\n\n\n\n<div class=\"wp-block-jetpack-slideshow aligncenter\" data-effect=\"slide\"><div class=\"wp-block-jetpack-slideshow_container swiper-container\"><ul class=\"wp-block-jetpack-slideshow_swiper-wrapper swiper-wrapper\"><li class=\"wp-block-jetpack-slideshow_slide swiper-slide\"><figure><img decoding=\"async\" src=\"data:image\/gif;base64,R0lGODlhAQABAIAAAAAAAP\/\/\/ywAAAAAAQABAAACAUwAOw==\" fifu-lazy=\"1\" fifu-data-sizes=\"auto\" fifu-data-srcset=\"https:\/\/i3.wp.com\/interaccionnoticias.com.mx\/wp-content\/uploads\/2023\/10\/231008-suspende-clases.jpg?ssl=1&w=75&resize=75&ssl=1 75w, https:\/\/i3.wp.com\/interaccionnoticias.com.mx\/wp-content\/uploads\/2023\/10\/231008-suspende-clases.jpg?ssl=1&w=100&resize=100&ssl=1 100w, https:\/\/i3.wp.com\/interaccionnoticias.com.mx\/wp-content\/uploads\/2023\/10\/231008-suspende-clases.jpg?ssl=1&w=150&resize=150&ssl=1 150w, https:\/\/i3.wp.com\/interaccionnoticias.com.mx\/wp-content\/uploads\/2023\/10\/231008-suspende-clases.jpg?ssl=1&w=240&resize=240&ssl=1 240w, https:\/\/i3.wp.com\/interaccionnoticias.com.mx\/wp-content\/uploads\/2023\/10\/231008-suspende-clases.jpg?ssl=1&w=320&resize=320&ssl=1 320w, https:\/\/i3.wp.com\/interaccionnoticias.com.mx\/wp-content\/uploads\/2023\/10\/231008-suspende-clases.jpg?ssl=1&w=500&resize=500&ssl=1 500w, https:\/\/i3.wp.com\/interaccionnoticias.com.mx\/wp-content\/uploads\/2023\/10\/231008-suspende-clases.jpg?ssl=1&w=640&resize=640&ssl=1 640w, https:\/\/i3.wp.com\/interaccionnoticias.com.mx\/wp-content\/uploads\/2023\/10\/231008-suspende-clases.jpg?ssl=1&w=800&resize=800&ssl=1 800w, https:\/\/i3.wp.com\/interaccionnoticias.com.mx\/wp-content\/uploads\/2023\/10\/231008-suspende-clases.jpg?ssl=1&w=1024&resize=1024&ssl=1 1024w, https:\/\/i3.wp.com\/interaccionnoticias.com.mx\/wp-content\/uploads\/2023\/10\/231008-suspende-clases.jpg?ssl=1&w=1280&resize=1280&ssl=1 1280w, https:\/\/i3.wp.com\/interaccionnoticias.com.mx\/wp-content\/uploads\/2023\/10\/231008-suspende-clases.jpg?ssl=1&w=1600&resize=1600&ssl=1 1600w\" alt=\"\" class=\"wp-block-jetpack-slideshow_image wp-image-69265\" data-id=\"69265\" fifu-data-src=\"https:\/\/i3.wp.com\/interaccionnoticias.com.mx\/wp-content\/uploads\/2023\/10\/231008-suspende-clases.jpg?ssl=1\"\/><\/figure><\/li><\/ul><a class=\"wp-block-jetpack-slideshow_button-prev swiper-button-prev swiper-button-white\" role=\"button\"><\/a><a class=\"wp-block-jetpack-slideshow_button-next swiper-button-next swiper-button-white\" role=\"button\"><\/a><a aria-label=\"Pause Slideshow\" class=\"wp-block-jetpack-slideshow_button-pause\" role=\"button\"><\/a><div class=\"wp-block-jetpack-slideshow_pagination swiper-pagination swiper-pagination-white\"><\/div><\/div><\/div>\n","protected":false},"excerpt":{"rendered":"<p>&#8212; Desde el s\u00e1bado, el Consejo Estatal de Protecci\u00f3n Civil se declar\u00f3 en sesi\u00f3n permanente Rosario Garc\u00eda Orozco Chilpancingo, Gro., 8 de octubre del 2023.- La secretar\u00eda de educaci\u00f3n en&hellip; <\/p>\n","protected":false},"author":14,"featured_media":69264,"comment_status":"open","ping_status":"open","sticky":false,"template":"","format":"standard","meta":{"fifu_image_url":"","fifu_image_alt":"","footnotes":""},"categories":[6],"tags":[],"class_list":["post-69263","post","type-post","status-publish","format-standard","has-post-thumbnail","hentry","category-educacion"],"_links":{"self":[{"href":"https:\/\/www.interaccionnoticias.com.mx\/index.php?rest_route=\/wp\/v2\/posts\/69263","targetHints":{"allow":["GET"]}}],"collection":[{"href":"https:\/\/www.interaccionnoticias.com.mx\/index.php?rest_route=\/wp\/v2\/posts"}],"about":[{"href":"https:\/\/www.interaccionnoticias.com.mx\/index.php?rest_route=\/wp\/v2\/types\/post"}],"author":[{"embeddable":true,"href":"https:\/\/www.interaccionnoticias.com.mx\/index.php?rest_route=\/wp\/v2\/users\/14"}],"replies":[{"embeddable":true,"href":"https:\/\/www.interaccionnoticias.com.mx\/index.php?rest_route=%2Fwp%2Fv2%2Fcomments&post=69263"}],"version-history":[{"count":1,"href":"https:\/\/www.interaccionnoticias.com.mx\/index.php?rest_route=\/wp\/v2\/posts\/69263\/revisions"}],"predecessor-version":[{"id":69266,"href":"https:\/\/www.interaccionnoticias.com.mx\/index.php?rest_route=\/wp\/v2\/posts\/69263\/revisions\/69266"}],"wp:featuredmedia":[{"embeddable":true,"href":"https:\/\/www.interaccionnoticias.com.mx\/index.php?rest_route=\/wp\/v2\/media\/69264"}],"wp:attachment":[{"href":"https:\/\/www.interaccionnoticias.com.mx\/index.php?rest_route=%2Fwp%2Fv2%2Fmedia&parent=69263"}],"wp:term":[{"taxonomy":"category","embeddable":true,"href":"https:\/\/www.interaccionnoticias.com.mx\/index.php?rest_route=%2Fwp%2Fv2%2Fcategories&post=69263"},{"taxonomy":"post_tag","embeddable":true,"href":"https:\/\/www.interaccionnoticias.com.mx\/index.php?rest_route=%2Fwp%2Fv2%2Ftags&post=69263"}],"curies":[{"name":"wp","href":"https:\/\/api.w.org\/{rel}","templated":true}]}}