{"id":69253,"date":"2023-10-08T13:04:26","date_gmt":"2023-10-08T18:04:26","guid":{"rendered":"https:\/\/interaccionnoticias.com.mx\/?p=69253"},"modified":"2023-10-08T13:04:29","modified_gmt":"2023-10-08T18:04:29","slug":"localizan-a-uno-de-los-tres-pescadores-desaparecidos-en-eduardo-neri-desde-hace-tres-meses","status":"publish","type":"post","link":"https:\/\/www.interaccionnoticias.com.mx\/?p=69253","title":{"rendered":"Localizan a uno de los tres pescadores desaparecidos en Eduardo Neri desde hace tres meses"},"content":{"rendered":"\n<p><strong>Jes\u00fas Dorantes<\/strong><\/p>\n\n\n\n<p><strong>Chilpancingo, Gro \u2013<\/strong> La Fiscal\u00eda General del Estado (FGE) confirm\u00f3 la localizaci\u00f3n de \u00c1ngel Cabrera \u00c1valos, uno de los tres pescadores que desaparecieron el pasado 16 de julio del a\u00f1o en curso cuando salieron a trabajar al R\u00edo Balsas.<\/p>\n\n\n\n<p>Mediante sus redes sociales la FGE public\u00f3 la ficha de b\u00fasqueda de \u00c1ngel Cabrera pero ahora con leyenda \u201cLocalizado\u201d en color rojo, adem\u00e1s de el texto \u201cFiscal\u00eda General del Estado agradece su colaboraci\u00f3n, Angel Cabrera Avalos fue localizado\u201d.<\/p>\n\n\n\n<p>El pasado 16 de julio Familiares y amigos de Guadalupe Bautista de 30 a\u00f1os, \u00c1ngel Cabrera \u00c1valos de 35 a\u00f1os y de su hijo \u00c1ngel Esauly Cabrera Garc\u00eda de 16 a\u00f1os y Juan Carlos Catal\u00e1n Silva de 19 a\u00f1os, bloquearon la carretera federal M\u00e9xico-Acapulco por cuatro horas para exigir al Gobierno Estatal y la Fiscal\u00eda General del Estado (FGE) su b\u00fasqueda.<\/p>\n\n\n\n<p>Dos d\u00edas despu\u00e9s el 17 de julio el joven de 16 a\u00f1os \u00c1ngel Esauly Cabrera Garc\u00eda fue localizado con vida y lleg\u00f3 por su propio pie hasta la casa de sus suegros.<\/p>\n\n\n\n<p>El joven fue abandonado sobre la carretera Iguala \u2013 Mezcala d\u00f3nde tuvo que caminar hasta su domicilio, hasta el momento se desconoce m\u00e1s informaci\u00f3n sobre su liberaci\u00f3n pero se confirm\u00f3 que presentaba lesiones.<\/p>\n\n\n\n<p>Luego de la confirmaci\u00f3n de la localizaci\u00f3n de \u00c1ngel Cabrera \u00c1valos del que no se dan m\u00e1s detalles, permanecen desparecidos Guadalupe Bautista y Juan Carlos Catal\u00e1n Silva<\/p>\n\n\n\n<figure class=\"wp-block-gallery has-nested-images columns-default is-cropped wp-block-gallery-1 is-layout-flex wp-block-gallery-is-layout-flex\">\n<figure class=\"wp-block-image size-large\"><img decoding=\"async\" src=\"data:image\/gif;base64,R0lGODlhAQABAIAAAAAAAP\/\/\/ywAAAAAAQABAAACAUwAOw==\" fifu-lazy=\"1\" fifu-data-sizes=\"auto\" fifu-data-srcset=\"https:\/\/i1.wp.com\/interaccionnoticias.com.mx\/wp-content\/uploads\/2023\/10\/231008-Angel-Cabrera-Avalos-1.jpg?ssl=1&w=75&resize=75&ssl=1 75w, https:\/\/i1.wp.com\/interaccionnoticias.com.mx\/wp-content\/uploads\/2023\/10\/231008-Angel-Cabrera-Avalos-1.jpg?ssl=1&w=100&resize=100&ssl=1 100w, https:\/\/i1.wp.com\/interaccionnoticias.com.mx\/wp-content\/uploads\/2023\/10\/231008-Angel-Cabrera-Avalos-1.jpg?ssl=1&w=150&resize=150&ssl=1 150w, https:\/\/i1.wp.com\/interaccionnoticias.com.mx\/wp-content\/uploads\/2023\/10\/231008-Angel-Cabrera-Avalos-1.jpg?ssl=1&w=240&resize=240&ssl=1 240w, https:\/\/i1.wp.com\/interaccionnoticias.com.mx\/wp-content\/uploads\/2023\/10\/231008-Angel-Cabrera-Avalos-1.jpg?ssl=1&w=320&resize=320&ssl=1 320w, https:\/\/i1.wp.com\/interaccionnoticias.com.mx\/wp-content\/uploads\/2023\/10\/231008-Angel-Cabrera-Avalos-1.jpg?ssl=1&w=500&resize=500&ssl=1 500w, https:\/\/i1.wp.com\/interaccionnoticias.com.mx\/wp-content\/uploads\/2023\/10\/231008-Angel-Cabrera-Avalos-1.jpg?ssl=1&w=640&resize=640&ssl=1 640w, https:\/\/i1.wp.com\/interaccionnoticias.com.mx\/wp-content\/uploads\/2023\/10\/231008-Angel-Cabrera-Avalos-1.jpg?ssl=1&w=800&resize=800&ssl=1 800w, https:\/\/i1.wp.com\/interaccionnoticias.com.mx\/wp-content\/uploads\/2023\/10\/231008-Angel-Cabrera-Avalos-1.jpg?ssl=1&w=1024&resize=1024&ssl=1 1024w, https:\/\/i1.wp.com\/interaccionnoticias.com.mx\/wp-content\/uploads\/2023\/10\/231008-Angel-Cabrera-Avalos-1.jpg?ssl=1&w=1280&resize=1280&ssl=1 1280w, https:\/\/i1.wp.com\/interaccionnoticias.com.mx\/wp-content\/uploads\/2023\/10\/231008-Angel-Cabrera-Avalos-1.jpg?ssl=1&w=1600&resize=1600&ssl=1 1600w\" data-id=\"69255\" fifu-data-src=\"https:\/\/i1.wp.com\/interaccionnoticias.com.mx\/wp-content\/uploads\/2023\/10\/231008-Angel-Cabrera-Avalos-1.jpg?ssl=1\" alt=\"\" class=\"wp-image-69255\"\/><\/figure>\n<\/figure>\n","protected":false},"excerpt":{"rendered":"<p>Jes\u00fas Dorantes Chilpancingo, Gro \u2013 La Fiscal\u00eda General del Estado (FGE) confirm\u00f3 la localizaci\u00f3n de \u00c1ngel Cabrera \u00c1valos, uno de los tres pescadores que desaparecieron el pasado 16 de julio&hellip; <\/p>\n","protected":false},"author":8,"featured_media":69254,"comment_status":"open","ping_status":"open","sticky":false,"template":"","format":"standard","meta":{"fifu_image_url":"","fifu_image_alt":"","footnotes":""},"categories":[27],"tags":[],"class_list":["post-69253","post","type-post","status-publish","format-standard","has-post-thumbnail","hentry","category-seguridad-publica"],"_links":{"self":[{"href":"https:\/\/www.interaccionnoticias.com.mx\/index.php?rest_route=\/wp\/v2\/posts\/69253","targetHints":{"allow":["GET"]}}],"collection":[{"href":"https:\/\/www.interaccionnoticias.com.mx\/index.php?rest_route=\/wp\/v2\/posts"}],"about":[{"href":"https:\/\/www.interaccionnoticias.com.mx\/index.php?rest_route=\/wp\/v2\/types\/post"}],"author":[{"embeddable":true,"href":"https:\/\/www.interaccionnoticias.com.mx\/index.php?rest_route=\/wp\/v2\/users\/8"}],"replies":[{"embeddable":true,"href":"https:\/\/www.interaccionnoticias.com.mx\/index.php?rest_route=%2Fwp%2Fv2%2Fcomments&post=69253"}],"version-history":[{"count":1,"href":"https:\/\/www.interaccionnoticias.com.mx\/index.php?rest_route=\/wp\/v2\/posts\/69253\/revisions"}],"predecessor-version":[{"id":69256,"href":"https:\/\/www.interaccionnoticias.com.mx\/index.php?rest_route=\/wp\/v2\/posts\/69253\/revisions\/69256"}],"wp:featuredmedia":[{"embeddable":true,"href":"https:\/\/www.interaccionnoticias.com.mx\/index.php?rest_route=\/wp\/v2\/media\/69254"}],"wp:attachment":[{"href":"https:\/\/www.interaccionnoticias.com.mx\/index.php?rest_route=%2Fwp%2Fv2%2Fmedia&parent=69253"}],"wp:term":[{"taxonomy":"category","embeddable":true,"href":"https:\/\/www.interaccionnoticias.com.mx\/index.php?rest_route=%2Fwp%2Fv2%2Fcategories&post=69253"},{"taxonomy":"post_tag","embeddable":true,"href":"https:\/\/www.interaccionnoticias.com.mx\/index.php?rest_route=%2Fwp%2Fv2%2Ftags&post=69253"}],"curies":[{"name":"wp","href":"https:\/\/api.w.org\/{rel}","templated":true}]}}