{"id":69226,"date":"2023-10-06T19:53:23","date_gmt":"2023-10-07T00:53:23","guid":{"rendered":"https:\/\/interaccionnoticias.com.mx\/?p=69226"},"modified":"2023-10-06T19:53:26","modified_gmt":"2023-10-07T00:53:26","slug":"secretario-de-gobierno-y-felix-salgado-defienden-a-la-gobernadora-ante-denuncia-del-prd","status":"publish","type":"post","link":"https:\/\/www.interaccionnoticias.com.mx\/?p=69226","title":{"rendered":"Secretario de Gobierno y F\u00e9lix Salgado defienden a la gobernadora, ante denuncia del PRD"},"content":{"rendered":"\n<p><em><strong>&#8212; \u201cNo hay delito que perseguir\u201d, coinciden Ludwid Marcial Reynoso N\u00fa\u00f1ez y el representante popular<br>&#8212; \u201cIngenuo\u201d, decir que no hay implicaci\u00f3n electoral, asegura Alberto Catal\u00e1n Bastida<\/strong><\/em><\/p>\n\n\n\n<p><strong>Rogelio Agust\u00edn<\/strong><\/p>\n\n\n\n<p>El senador F\u00e9lix Salgado Macedonio y el secretario general de Gobierno, Ludwid Marcial Reynoso N\u00fa\u00f1ez manifestaron que la recepci\u00f3n de la titular del Ejecutivo local, Evelyn Salgado Pineda hacia la ex jefa de gobierno de la Ciudad de M\u00e9xico en Chilpancingo no constituye ning\u00fan delito electoral, lo que fue considerado como una burla para el dirigente estatal del PRD, Alberto Catal\u00e1n Bastida.<\/p>\n\n\n\n<p>\u201cNo le veo\u201d, dijo en un primer momento el senador Salgado Macedonio, padre de la gobernadora de Guerrero, al referirse al probable delito electoral denunciado por el dirigente nacional del PRD, Jes\u00fas Zambrano Grijalva.<\/p>\n\n\n\n<p>Explic\u00f3: \u201cPrimero; Claudia Sheimbaum no es la candidata presidencial, es la coordinadora de los comit\u00e9s de defensa de la Cuarta Transformaci\u00f3n\u201d.<\/p>\n\n\n\n<p>Reconoci\u00f3 que Sheimbaum Pardo es militante de MORENA, lo mismo que la gobernadora de Guerrero, por lo que hubo una recepci\u00f3n de cortes\u00eda, pero no un llamado a votar.<\/p>\n\n\n\n<p>\u201cLa gobernadora en ning\u00fan momento ha hablado para pedir respaldo o votos para apoyar a Claudia, entonces no hay ning\u00fan il\u00edcito\u201d, asegur\u00f3.<\/p>\n\n\n\n<p>Agreg\u00f3 que la gobernadora, en el marco de sus libertades puede recibir \u201ca quien quiera y no pasa nada, mientras no utilice recursos del erario publico para promoverla\u201d.<\/p>\n\n\n\n<p>No estuvo en el mitin<\/p>\n\n\n\n<p>El secretario general de Gobierno, Ludwid Marcial Reynoso N\u00fa\u00f1ez destac\u00f3 que lo que se entiende, es que ya se est\u00e1 en un tiempo eminentemente pol\u00edtico, en el que cada quien trata de llamar la atenci\u00f3n.<\/p>\n\n\n\n<p>Pero asegur\u00f3: \u201cLa gobernadora no ha cometido ninguna irregularidad, porque todav\u00eda no es el tiempo de tener candidatos\u201d.<\/p>\n\n\n\n<p>Tambi\u00e9n se\u00f1al\u00f3 que la militancia de la gobernadora tiene su militancia partidista bien reconocida, por lo que se est\u00e1 ante una reuni\u00f3n de cortes\u00eda.<\/p>\n\n\n\n<p>Agreg\u00f3 que la mandataria no estuvo en el mitin y que en consecuencia no particip\u00f3, de tal suerte que quienes hoy promovieron la queja ante el Instituto Electoral y de Participaci\u00f3n Ciudadana (IEPC) \u201cse est\u00e1n adelantando a los tiempos\u201d.<\/p>\n\n\n\n<p><strong>Una ingenuidad<\/strong><\/p>\n\n\n\n<p>El dirigente estatal del PRD, Alberto Catal\u00e1n Bastida precis\u00f3 que la denuncia dada a conocer por Jes\u00fas Zambrano no se refiere solo al mitin realizada en la plaza centra.<\/p>\n\n\n\n<p>\u201cEstuvo presente en un acto en un hotel de la ciudad, fue un acto con la estructura partidaria de MORENA, donde estuvo la precandidata o candidata virtual a la presidencia, disfrazarlo con el tema de que se trata de una coordinadora es una estrategia pol\u00edtica\u201d.<\/p>\n\n\n\n<p>Indic\u00f3: \u201cDecir que no ha iniciado el proceso electoral es ser ingenuo; las reuniones tienen todo el car\u00e1cter pol\u00edtico electoral, decir otra cosa es querer enga\u00f1ar a la poblaci\u00f3n\u201d.<\/p>\n\n\n\n<p>Asegur\u00f3 que acudir al mitin en la plaza central ya era un acto de cinismo, pues \u201cfue evidente que todo el aparato de gobierno se movi\u00f3\u201d.<\/p>\n","protected":false},"excerpt":{"rendered":"<p>&#8212; \u201cNo hay delito que perseguir\u201d, coinciden Ludwid Marcial Reynoso N\u00fa\u00f1ez y el representante popular&#8212; \u201cIngenuo\u201d, decir que no hay implicaci\u00f3n electoral, asegura Alberto Catal\u00e1n Bastida Rogelio Agust\u00edn El senador&hellip; <\/p>\n","protected":false},"author":21,"featured_media":69227,"comment_status":"open","ping_status":"open","sticky":false,"template":"","format":"standard","meta":{"fifu_image_url":"","fifu_image_alt":"","footnotes":""},"categories":[11],"tags":[],"class_list":["post-69226","post","type-post","status-publish","format-standard","has-post-thumbnail","hentry","category-guerrero"],"_links":{"self":[{"href":"https:\/\/www.interaccionnoticias.com.mx\/index.php?rest_route=\/wp\/v2\/posts\/69226","targetHints":{"allow":["GET"]}}],"collection":[{"href":"https:\/\/www.interaccionnoticias.com.mx\/index.php?rest_route=\/wp\/v2\/posts"}],"about":[{"href":"https:\/\/www.interaccionnoticias.com.mx\/index.php?rest_route=\/wp\/v2\/types\/post"}],"author":[{"embeddable":true,"href":"https:\/\/www.interaccionnoticias.com.mx\/index.php?rest_route=\/wp\/v2\/users\/21"}],"replies":[{"embeddable":true,"href":"https:\/\/www.interaccionnoticias.com.mx\/index.php?rest_route=%2Fwp%2Fv2%2Fcomments&post=69226"}],"version-history":[{"count":1,"href":"https:\/\/www.interaccionnoticias.com.mx\/index.php?rest_route=\/wp\/v2\/posts\/69226\/revisions"}],"predecessor-version":[{"id":69228,"href":"https:\/\/www.interaccionnoticias.com.mx\/index.php?rest_route=\/wp\/v2\/posts\/69226\/revisions\/69228"}],"wp:featuredmedia":[{"embeddable":true,"href":"https:\/\/www.interaccionnoticias.com.mx\/index.php?rest_route=\/wp\/v2\/media\/69227"}],"wp:attachment":[{"href":"https:\/\/www.interaccionnoticias.com.mx\/index.php?rest_route=%2Fwp%2Fv2%2Fmedia&parent=69226"}],"wp:term":[{"taxonomy":"category","embeddable":true,"href":"https:\/\/www.interaccionnoticias.com.mx\/index.php?rest_route=%2Fwp%2Fv2%2Fcategories&post=69226"},{"taxonomy":"post_tag","embeddable":true,"href":"https:\/\/www.interaccionnoticias.com.mx\/index.php?rest_route=%2Fwp%2Fv2%2Ftags&post=69226"}],"curies":[{"name":"wp","href":"https:\/\/api.w.org\/{rel}","templated":true}]}}