{"id":69197,"date":"2023-10-06T12:27:33","date_gmt":"2023-10-06T17:27:33","guid":{"rendered":"https:\/\/interaccionnoticias.com.mx\/?p=69197"},"modified":"2023-10-06T12:27:36","modified_gmt":"2023-10-06T17:27:36","slug":"artesanos-de-xalitla-bloquean-la-carretera-carretera-chilpancingo-iguala","status":"publish","type":"post","link":"https:\/\/www.interaccionnoticias.com.mx\/?p=69197","title":{"rendered":"Artesanos de Xalitla bloquean la carretera carretera Chilpancingo-Iguala"},"content":{"rendered":"\n<p><strong><em>&#8212; Tras el asesinato de dos de sus compa\u00f1eros<\/em><\/strong><\/p>\n\n\n\n<p><strong>Rosario Garc\u00eda Orozco<\/strong><\/p>\n\n\n\n<p><strong>Chilpancingo, Gro., 6 de octubre del 2023.-<\/strong> Artesanos de Xalitla, comunidad perteneciente al municipio de Tepecoacuilco, instalaron un bloqueo a la carretera federal Chilpancingo-Iguala, tras el asesinato de dos de sus compa\u00f1eros.<\/p>\n\n\n\n<p>Los pobladores de la localidad que se ubica en la ruta que va hacia la zona del Alto Balsas exigen que se investigue el doble asesinato y se castigue a los responsables.<\/p>\n\n\n\n<p>La protesta se hab\u00eda anunciado a trav\u00e9s de las redes sociales y comenz\u00f3 despu\u00e9s de las 08:00 horas.<\/p>\n\n\n\n<p>El cierre de la v\u00eda federal, es un acuerdo de asamblea realizado en la Comisar\u00eda Municipal de Xalitla.<\/p>\n\n\n\n<p>En esa reuni\u00f3n, los participantes determinaron de manera un\u00e1nime bloquear de manera indefinida la Carretera Federal Chilpancingo-Iguala.<\/p>\n\n\n\n<p>La actividad se desarrolla a la altura del Parador Tur\u00edstico Artesanal de Xalitla, a cinco minutos de la comunidad de Mezcala.<\/p>\n\n\n\n<p>Marcelino D\u00edaz de Jes\u00fas, ex dirigente de la organizaci\u00f3n \u00ab500 a\u00f1os de resistencia ind\u00edgena\u00bb y ex diputado federal por el PRD, explic\u00f3 que el planteamiento inicial es sostener una reuni\u00f3n con integrantes de la Mesa de Coordinaci\u00f3n para la Construcci\u00f3n de la Paz en Guerrero.<\/p>\n\n\n\n<p>En dicha reuni\u00f3n, dijo que pretenden exponer la situaci\u00f3n de violencia que vive esa parte de la entidad.<\/p>\n\n\n\n<p>Los artesanos reprocharon la desaparici\u00f3n y asesinato de sus dos compa\u00f1eros.<\/p>\n\n\n\n<p>La privaci\u00f3n de la libertad se registr\u00f3 el s\u00e1bado 30 de septiembre, aproximadamente a las 16:00 horas, un d\u00eda despu\u00e9s los encontraron muertos, estaban tirados en la entrada de la comunidad de Tonalapa del Sur.<\/p>\n\n\n\n<p>Se espera que haya un di\u00e1logo con las autoridades, que permita la liberaci\u00f3n de la vialidad federal.<\/p>\n\n\n\n<div class=\"wp-block-jetpack-slideshow aligncenter\" data-effect=\"slide\"><div class=\"wp-block-jetpack-slideshow_container swiper-container\"><ul class=\"wp-block-jetpack-slideshow_swiper-wrapper swiper-wrapper\"><li class=\"wp-block-jetpack-slideshow_slide swiper-slide\"><figure><img decoding=\"async\" src=\"data:image\/gif;base64,R0lGODlhAQABAIAAAAAAAP\/\/\/ywAAAAAAQABAAACAUwAOw==\" fifu-lazy=\"1\" fifu-data-sizes=\"auto\" fifu-data-srcset=\"https:\/\/i1.wp.com\/interaccionnoticias.com.mx\/wp-content\/uploads\/2023\/10\/23106-Xalitla-bloquean-1-1024x683.jpg?ssl=1&w=75&resize=75&ssl=1 75w, https:\/\/i1.wp.com\/interaccionnoticias.com.mx\/wp-content\/uploads\/2023\/10\/23106-Xalitla-bloquean-1-1024x683.jpg?ssl=1&w=100&resize=100&ssl=1 100w, https:\/\/i1.wp.com\/interaccionnoticias.com.mx\/wp-content\/uploads\/2023\/10\/23106-Xalitla-bloquean-1-1024x683.jpg?ssl=1&w=150&resize=150&ssl=1 150w, https:\/\/i1.wp.com\/interaccionnoticias.com.mx\/wp-content\/uploads\/2023\/10\/23106-Xalitla-bloquean-1-1024x683.jpg?ssl=1&w=240&resize=240&ssl=1 240w, https:\/\/i1.wp.com\/interaccionnoticias.com.mx\/wp-content\/uploads\/2023\/10\/23106-Xalitla-bloquean-1-1024x683.jpg?ssl=1&w=320&resize=320&ssl=1 320w, https:\/\/i1.wp.com\/interaccionnoticias.com.mx\/wp-content\/uploads\/2023\/10\/23106-Xalitla-bloquean-1-1024x683.jpg?ssl=1&w=500&resize=500&ssl=1 500w, https:\/\/i1.wp.com\/interaccionnoticias.com.mx\/wp-content\/uploads\/2023\/10\/23106-Xalitla-bloquean-1-1024x683.jpg?ssl=1&w=640&resize=640&ssl=1 640w, https:\/\/i1.wp.com\/interaccionnoticias.com.mx\/wp-content\/uploads\/2023\/10\/23106-Xalitla-bloquean-1-1024x683.jpg?ssl=1&w=800&resize=800&ssl=1 800w, https:\/\/i1.wp.com\/interaccionnoticias.com.mx\/wp-content\/uploads\/2023\/10\/23106-Xalitla-bloquean-1-1024x683.jpg?ssl=1&w=1024&resize=1024&ssl=1 1024w, https:\/\/i1.wp.com\/interaccionnoticias.com.mx\/wp-content\/uploads\/2023\/10\/23106-Xalitla-bloquean-1-1024x683.jpg?ssl=1&w=1280&resize=1280&ssl=1 1280w, https:\/\/i1.wp.com\/interaccionnoticias.com.mx\/wp-content\/uploads\/2023\/10\/23106-Xalitla-bloquean-1-1024x683.jpg?ssl=1&w=1600&resize=1600&ssl=1 1600w\" alt=\"\" class=\"wp-block-jetpack-slideshow_image wp-image-69198\" data-id=\"69198\" fifu-data-src=\"https:\/\/i1.wp.com\/interaccionnoticias.com.mx\/wp-content\/uploads\/2023\/10\/23106-Xalitla-bloquean-1-1024x683.jpg?ssl=1\"\/><\/figure><\/li><li class=\"wp-block-jetpack-slideshow_slide swiper-slide\"><figure><img decoding=\"async\" src=\"data:image\/gif;base64,R0lGODlhAQABAIAAAAAAAP\/\/\/ywAAAAAAQABAAACAUwAOw==\" fifu-lazy=\"1\" fifu-data-sizes=\"auto\" fifu-data-srcset=\"https:\/\/i2.wp.com\/interaccionnoticias.com.mx\/wp-content\/uploads\/2023\/10\/23106-Xalitla-bloquean-2-1024x683.jpg?ssl=1&w=75&resize=75&ssl=1 75w, https:\/\/i2.wp.com\/interaccionnoticias.com.mx\/wp-content\/uploads\/2023\/10\/23106-Xalitla-bloquean-2-1024x683.jpg?ssl=1&w=100&resize=100&ssl=1 100w, https:\/\/i2.wp.com\/interaccionnoticias.com.mx\/wp-content\/uploads\/2023\/10\/23106-Xalitla-bloquean-2-1024x683.jpg?ssl=1&w=150&resize=150&ssl=1 150w, https:\/\/i2.wp.com\/interaccionnoticias.com.mx\/wp-content\/uploads\/2023\/10\/23106-Xalitla-bloquean-2-1024x683.jpg?ssl=1&w=240&resize=240&ssl=1 240w, https:\/\/i2.wp.com\/interaccionnoticias.com.mx\/wp-content\/uploads\/2023\/10\/23106-Xalitla-bloquean-2-1024x683.jpg?ssl=1&w=320&resize=320&ssl=1 320w, https:\/\/i2.wp.com\/interaccionnoticias.com.mx\/wp-content\/uploads\/2023\/10\/23106-Xalitla-bloquean-2-1024x683.jpg?ssl=1&w=500&resize=500&ssl=1 500w, https:\/\/i2.wp.com\/interaccionnoticias.com.mx\/wp-content\/uploads\/2023\/10\/23106-Xalitla-bloquean-2-1024x683.jpg?ssl=1&w=640&resize=640&ssl=1 640w, https:\/\/i2.wp.com\/interaccionnoticias.com.mx\/wp-content\/uploads\/2023\/10\/23106-Xalitla-bloquean-2-1024x683.jpg?ssl=1&w=800&resize=800&ssl=1 800w, https:\/\/i2.wp.com\/interaccionnoticias.com.mx\/wp-content\/uploads\/2023\/10\/23106-Xalitla-bloquean-2-1024x683.jpg?ssl=1&w=1024&resize=1024&ssl=1 1024w, https:\/\/i2.wp.com\/interaccionnoticias.com.mx\/wp-content\/uploads\/2023\/10\/23106-Xalitla-bloquean-2-1024x683.jpg?ssl=1&w=1280&resize=1280&ssl=1 1280w, https:\/\/i2.wp.com\/interaccionnoticias.com.mx\/wp-content\/uploads\/2023\/10\/23106-Xalitla-bloquean-2-1024x683.jpg?ssl=1&w=1600&resize=1600&ssl=1 1600w\" alt=\"\" class=\"wp-block-jetpack-slideshow_image wp-image-69199\" data-id=\"69199\" fifu-data-src=\"https:\/\/i2.wp.com\/interaccionnoticias.com.mx\/wp-content\/uploads\/2023\/10\/23106-Xalitla-bloquean-2-1024x683.jpg?ssl=1\"\/><\/figure><\/li><\/ul><a class=\"wp-block-jetpack-slideshow_button-prev swiper-button-prev swiper-button-white\" role=\"button\"><\/a><a class=\"wp-block-jetpack-slideshow_button-next swiper-button-next swiper-button-white\" role=\"button\"><\/a><a aria-label=\"Pause Slideshow\" class=\"wp-block-jetpack-slideshow_button-pause\" role=\"button\"><\/a><div class=\"wp-block-jetpack-slideshow_pagination swiper-pagination swiper-pagination-white\"><\/div><\/div><\/div>\n","protected":false},"excerpt":{"rendered":"<p>&#8212; Tras el asesinato de dos de sus compa\u00f1eros Rosario Garc\u00eda Orozco Chilpancingo, Gro., 6 de octubre del 2023.- Artesanos de Xalitla, comunidad perteneciente al municipio de Tepecoacuilco, instalaron un&hellip; <\/p>\n","protected":false},"author":14,"featured_media":69199,"comment_status":"open","ping_status":"open","sticky":false,"template":"","format":"standard","meta":{"fifu_image_url":"","fifu_image_alt":"","footnotes":""},"categories":[23],"tags":[],"class_list":["post-69197","post","type-post","status-publish","format-standard","has-post-thumbnail","hentry","category-regionales"],"_links":{"self":[{"href":"https:\/\/www.interaccionnoticias.com.mx\/index.php?rest_route=\/wp\/v2\/posts\/69197","targetHints":{"allow":["GET"]}}],"collection":[{"href":"https:\/\/www.interaccionnoticias.com.mx\/index.php?rest_route=\/wp\/v2\/posts"}],"about":[{"href":"https:\/\/www.interaccionnoticias.com.mx\/index.php?rest_route=\/wp\/v2\/types\/post"}],"author":[{"embeddable":true,"href":"https:\/\/www.interaccionnoticias.com.mx\/index.php?rest_route=\/wp\/v2\/users\/14"}],"replies":[{"embeddable":true,"href":"https:\/\/www.interaccionnoticias.com.mx\/index.php?rest_route=%2Fwp%2Fv2%2Fcomments&post=69197"}],"version-history":[{"count":1,"href":"https:\/\/www.interaccionnoticias.com.mx\/index.php?rest_route=\/wp\/v2\/posts\/69197\/revisions"}],"predecessor-version":[{"id":69200,"href":"https:\/\/www.interaccionnoticias.com.mx\/index.php?rest_route=\/wp\/v2\/posts\/69197\/revisions\/69200"}],"wp:featuredmedia":[{"embeddable":true,"href":"https:\/\/www.interaccionnoticias.com.mx\/index.php?rest_route=\/wp\/v2\/media\/69199"}],"wp:attachment":[{"href":"https:\/\/www.interaccionnoticias.com.mx\/index.php?rest_route=%2Fwp%2Fv2%2Fmedia&parent=69197"}],"wp:term":[{"taxonomy":"category","embeddable":true,"href":"https:\/\/www.interaccionnoticias.com.mx\/index.php?rest_route=%2Fwp%2Fv2%2Fcategories&post=69197"},{"taxonomy":"post_tag","embeddable":true,"href":"https:\/\/www.interaccionnoticias.com.mx\/index.php?rest_route=%2Fwp%2Fv2%2Ftags&post=69197"}],"curies":[{"name":"wp","href":"https:\/\/api.w.org\/{rel}","templated":true}]}}