{"id":69191,"date":"2023-10-06T12:13:21","date_gmt":"2023-10-06T17:13:21","guid":{"rendered":"https:\/\/interaccionnoticias.com.mx\/?p=69191"},"modified":"2023-10-06T12:19:40","modified_gmt":"2023-10-06T17:19:40","slug":"matan-a-ismael-castulo-ex-alcalde-de-chichihualco-y-creador-de-la-policia-rural-que-opera-en-la-sierra","status":"publish","type":"post","link":"https:\/\/www.interaccionnoticias.com.mx\/?p=69191","title":{"rendered":"Matan a Ismael C\u00e1stulo, ex alcalde de Chichihualco y creador de la Polic\u00eda Rural que opera en la Sierra"},"content":{"rendered":"\n<p><strong><em>&#8212; Lo interceptaron hombres armados la ma\u00f1ana de este viernes<br>&#8212; Viajaba en una camioneta, con su esposa e hijo<\/em><\/strong><\/p>\n\n\n\n<p><strong>Rogelio Agust\u00edn<\/strong><\/p>\n\n\n\n<p>Este viernes fue asesinado Ismael C\u00e1stulo Guzm\u00e1n, ex alcalde de Leonardo Bravo y reconocido dirigente de los comisarios de la Sierra del Filo Mayor, a quien se considera como art\u00edfice de la creaci\u00f3n de la Polic\u00eda Rural que opera en la zona desde 2014.<\/p>\n\n\n\n<p>De acuerdo con la informaci\u00f3n generada hasta el momento, C\u00e1stulo Guzm\u00e1n circulaba en una camioneta estaquitas de su propiedad junto con su esposa e hijo, cerca de la secundaria de Chichihualco, cabecera municipal de Leonardo Bravo.<\/p>\n\n\n\n<p>Hombres armados le cerraron el paso y dispararon en su contra, hiri\u00e9ndolo gravemente a \u00e9l y su hijo, mientras que su esposa result\u00f3 ilesa.<\/p>\n\n\n\n<p>La camioneta de C\u00e1stulo Guzm\u00e1n se impact\u00f3 en contra de un poste, quedando neutralizada.<\/p>\n\n\n\n<p>Familiares sacaron del veh\u00edculo al ex alcalde y su hijo para trasladarlos al Hospital General Raymundo Abarca Alarc\u00f3n, donde se confirm\u00f3 el deceso del primer edil.<\/p>\n\n\n\n<p>El hijo del tambi\u00e9n ex comisario de Los Morros se encuentra grave, a partir de los impactos de bala recibidos.<\/p>\n\n\n\n<p>El hecho moviliz\u00f3 a personal de la Polic\u00eda del Estado, la Guardia Nacional y del Ej\u00e9rcito Mexicano, que aseguraron el lugar en que se registr\u00f3 el ataque.<\/p>\n\n\n\n<p>Activista contra la amapola promotor de la seguridad p\u00fablica<\/p>\n\n\n\n<p>Ismael C\u00e1stulo Guzm\u00e1n apareci\u00f3 p\u00fablicamente en 2013, c\u00f3mo dirigente de una asociaci\u00f3n de 18 comisarios de los municipios de Leonardo Bravo y Eduardo Neri, principalmente.<\/p>\n\n\n\n<p>Su principal reclamo era seguridad p\u00fablica, ante la serie de asesinatos y secuestros que se registraban en la zona.<\/p>\n\n\n\n<p>Tambi\u00e9n reclamaba el impulso de proyectos productivos para poder dejar la siembra de amapola, que admiti\u00f3, era la principal fuente de ingresos en la regi\u00f3n.<\/p>\n\n\n\n<p>\u00abEstamos dispuestos a cambiar los proyectos del gobierno para dejar la maldita amapola\u00bb, lleg\u00f3 a declarar en varias ocasiones.<\/p>\n\n\n\n<p>Al principio, la Uni\u00f3n de Comisarios planteaba la integraci\u00f3n de una autodefensa armada, como la que operaba desde enero de 2013 en la Costa Chica.<\/p>\n\n\n\n<p>A partir del di\u00e1logo con el entonces gobernador, \u00c1ngel Aguirre Rivero, los comisarios de esa parte de la Sierra acordaron la creaci\u00f3n de la Polic\u00eda Rural, incorporada a la Secretar\u00eda de Seguridad P\u00fablica (SSP).<\/p>\n\n\n\n<p>Dicha polic\u00eda se puso en marcha en 2014 y hasta la fecha opera en comunidades de Leonardo Bravo y Eduardo Neri<\/p>\n\n\n\n<p>En 2018 C\u00e1stulo Guzm\u00e1n fue postulado como candidato a la presidencia municipal por el PRI, cargo que desempe\u00f1\u00f3 hasta 2021.<\/p>\n\n\n\n<p>Durante su mandato se registr\u00f3 una fuerte confrontaci\u00f3n armada entre el C\u00e1rtel del Sur (CDS) y Los Tlacos o la federaci\u00f3n, el cual hab\u00eda culminado en 2022 con la expulsi\u00f3n del CDS de su principal basti\u00f3n, la comunidad de Tepozonalco.<\/p>\n\n\n\n<p>La confrontaci\u00f3n en Chichihualco resurgi\u00f3 en agosto de 2023, ya con C\u00e1stulo fuera de la alcald\u00eda, quien se sab\u00eda que viv\u00eda en la comunidad de Los Morros, de donde era originario.<\/p>\n\n\n\n<p>Se dedicaba a trabajar en el campo y a la cr\u00eda de ganado, ya no se le conoc\u00eda actividad en la pol\u00edtica y recurrentemente publicaba en Facebook que se encontraba en calma, tras haber culminado bien su \u00faltimo encargo p\u00fablico.<\/p>\n\n\n\n<div class=\"wp-block-jetpack-slideshow aligncenter\" data-effect=\"slide\"><div class=\"wp-block-jetpack-slideshow_container swiper-container\"><ul class=\"wp-block-jetpack-slideshow_swiper-wrapper swiper-wrapper\"><li class=\"wp-block-jetpack-slideshow_slide swiper-slide\"><figure><img decoding=\"async\" src=\"data:image\/gif;base64,R0lGODlhAQABAIAAAAAAAP\/\/\/ywAAAAAAQABAAACAUwAOw==\" fifu-lazy=\"1\" fifu-data-sizes=\"auto\" fifu-data-srcset=\"https:\/\/i0.wp.com\/interaccionnoticias.com.mx\/wp-content\/uploads\/2023\/10\/23106-Ismael-Castulo-2-1024x683.jpg?ssl=1&w=75&resize=75&ssl=1 75w, https:\/\/i0.wp.com\/interaccionnoticias.com.mx\/wp-content\/uploads\/2023\/10\/23106-Ismael-Castulo-2-1024x683.jpg?ssl=1&w=100&resize=100&ssl=1 100w, https:\/\/i0.wp.com\/interaccionnoticias.com.mx\/wp-content\/uploads\/2023\/10\/23106-Ismael-Castulo-2-1024x683.jpg?ssl=1&w=150&resize=150&ssl=1 150w, https:\/\/i0.wp.com\/interaccionnoticias.com.mx\/wp-content\/uploads\/2023\/10\/23106-Ismael-Castulo-2-1024x683.jpg?ssl=1&w=240&resize=240&ssl=1 240w, https:\/\/i0.wp.com\/interaccionnoticias.com.mx\/wp-content\/uploads\/2023\/10\/23106-Ismael-Castulo-2-1024x683.jpg?ssl=1&w=320&resize=320&ssl=1 320w, https:\/\/i0.wp.com\/interaccionnoticias.com.mx\/wp-content\/uploads\/2023\/10\/23106-Ismael-Castulo-2-1024x683.jpg?ssl=1&w=500&resize=500&ssl=1 500w, https:\/\/i0.wp.com\/interaccionnoticias.com.mx\/wp-content\/uploads\/2023\/10\/23106-Ismael-Castulo-2-1024x683.jpg?ssl=1&w=640&resize=640&ssl=1 640w, https:\/\/i0.wp.com\/interaccionnoticias.com.mx\/wp-content\/uploads\/2023\/10\/23106-Ismael-Castulo-2-1024x683.jpg?ssl=1&w=800&resize=800&ssl=1 800w, https:\/\/i0.wp.com\/interaccionnoticias.com.mx\/wp-content\/uploads\/2023\/10\/23106-Ismael-Castulo-2-1024x683.jpg?ssl=1&w=1024&resize=1024&ssl=1 1024w, https:\/\/i0.wp.com\/interaccionnoticias.com.mx\/wp-content\/uploads\/2023\/10\/23106-Ismael-Castulo-2-1024x683.jpg?ssl=1&w=1280&resize=1280&ssl=1 1280w, https:\/\/i0.wp.com\/interaccionnoticias.com.mx\/wp-content\/uploads\/2023\/10\/23106-Ismael-Castulo-2-1024x683.jpg?ssl=1&w=1600&resize=1600&ssl=1 1600w\" alt=\"\" class=\"wp-block-jetpack-slideshow_image wp-image-69194\" data-id=\"69194\" fifu-data-src=\"https:\/\/i0.wp.com\/interaccionnoticias.com.mx\/wp-content\/uploads\/2023\/10\/23106-Ismael-Castulo-2-1024x683.jpg?ssl=1\"\/><\/figure><\/li><li class=\"wp-block-jetpack-slideshow_slide swiper-slide\"><figure><img decoding=\"async\" src=\"data:image\/gif;base64,R0lGODlhAQABAIAAAAAAAP\/\/\/ywAAAAAAQABAAACAUwAOw==\" fifu-lazy=\"1\" fifu-data-sizes=\"auto\" fifu-data-srcset=\"https:\/\/i2.wp.com\/interaccionnoticias.com.mx\/wp-content\/uploads\/2023\/10\/23106-Ismael-Castulo-1024x683.jpg?ssl=1&w=75&resize=75&ssl=1 75w, https:\/\/i2.wp.com\/interaccionnoticias.com.mx\/wp-content\/uploads\/2023\/10\/23106-Ismael-Castulo-1024x683.jpg?ssl=1&w=100&resize=100&ssl=1 100w, https:\/\/i2.wp.com\/interaccionnoticias.com.mx\/wp-content\/uploads\/2023\/10\/23106-Ismael-Castulo-1024x683.jpg?ssl=1&w=150&resize=150&ssl=1 150w, https:\/\/i2.wp.com\/interaccionnoticias.com.mx\/wp-content\/uploads\/2023\/10\/23106-Ismael-Castulo-1024x683.jpg?ssl=1&w=240&resize=240&ssl=1 240w, https:\/\/i2.wp.com\/interaccionnoticias.com.mx\/wp-content\/uploads\/2023\/10\/23106-Ismael-Castulo-1024x683.jpg?ssl=1&w=320&resize=320&ssl=1 320w, https:\/\/i2.wp.com\/interaccionnoticias.com.mx\/wp-content\/uploads\/2023\/10\/23106-Ismael-Castulo-1024x683.jpg?ssl=1&w=500&resize=500&ssl=1 500w, https:\/\/i2.wp.com\/interaccionnoticias.com.mx\/wp-content\/uploads\/2023\/10\/23106-Ismael-Castulo-1024x683.jpg?ssl=1&w=640&resize=640&ssl=1 640w, https:\/\/i2.wp.com\/interaccionnoticias.com.mx\/wp-content\/uploads\/2023\/10\/23106-Ismael-Castulo-1024x683.jpg?ssl=1&w=800&resize=800&ssl=1 800w, https:\/\/i2.wp.com\/interaccionnoticias.com.mx\/wp-content\/uploads\/2023\/10\/23106-Ismael-Castulo-1024x683.jpg?ssl=1&w=1024&resize=1024&ssl=1 1024w, https:\/\/i2.wp.com\/interaccionnoticias.com.mx\/wp-content\/uploads\/2023\/10\/23106-Ismael-Castulo-1024x683.jpg?ssl=1&w=1280&resize=1280&ssl=1 1280w, https:\/\/i2.wp.com\/interaccionnoticias.com.mx\/wp-content\/uploads\/2023\/10\/23106-Ismael-Castulo-1024x683.jpg?ssl=1&w=1600&resize=1600&ssl=1 1600w\" alt=\"\" class=\"wp-block-jetpack-slideshow_image wp-image-69192\" data-id=\"69192\" fifu-data-src=\"https:\/\/i2.wp.com\/interaccionnoticias.com.mx\/wp-content\/uploads\/2023\/10\/23106-Ismael-Castulo-1024x683.jpg?ssl=1\"\/><\/figure><\/li><\/ul><a class=\"wp-block-jetpack-slideshow_button-prev swiper-button-prev swiper-button-white\" role=\"button\"><\/a><a class=\"wp-block-jetpack-slideshow_button-next swiper-button-next swiper-button-white\" role=\"button\"><\/a><a aria-label=\"Pause Slideshow\" class=\"wp-block-jetpack-slideshow_button-pause\" role=\"button\"><\/a><div class=\"wp-block-jetpack-slideshow_pagination swiper-pagination swiper-pagination-white\"><\/div><\/div><\/div>\n","protected":false},"excerpt":{"rendered":"<p>&#8212; Lo interceptaron hombres armados la ma\u00f1ana de este viernes&#8212; Viajaba en una camioneta, con su esposa e hijo Rogelio Agust\u00edn Este viernes fue asesinado Ismael C\u00e1stulo Guzm\u00e1n, ex alcalde&hellip; <\/p>\n","protected":false},"author":21,"featured_media":69192,"comment_status":"open","ping_status":"open","sticky":false,"template":"","format":"standard","meta":{"fifu_image_url":"","fifu_image_alt":"","footnotes":""},"categories":[27],"tags":[],"class_list":["post-69191","post","type-post","status-publish","format-standard","has-post-thumbnail","hentry","category-seguridad-publica"],"_links":{"self":[{"href":"https:\/\/www.interaccionnoticias.com.mx\/index.php?rest_route=\/wp\/v2\/posts\/69191","targetHints":{"allow":["GET"]}}],"collection":[{"href":"https:\/\/www.interaccionnoticias.com.mx\/index.php?rest_route=\/wp\/v2\/posts"}],"about":[{"href":"https:\/\/www.interaccionnoticias.com.mx\/index.php?rest_route=\/wp\/v2\/types\/post"}],"author":[{"embeddable":true,"href":"https:\/\/www.interaccionnoticias.com.mx\/index.php?rest_route=\/wp\/v2\/users\/21"}],"replies":[{"embeddable":true,"href":"https:\/\/www.interaccionnoticias.com.mx\/index.php?rest_route=%2Fwp%2Fv2%2Fcomments&post=69191"}],"version-history":[{"count":2,"href":"https:\/\/www.interaccionnoticias.com.mx\/index.php?rest_route=\/wp\/v2\/posts\/69191\/revisions"}],"predecessor-version":[{"id":69196,"href":"https:\/\/www.interaccionnoticias.com.mx\/index.php?rest_route=\/wp\/v2\/posts\/69191\/revisions\/69196"}],"wp:featuredmedia":[{"embeddable":true,"href":"https:\/\/www.interaccionnoticias.com.mx\/index.php?rest_route=\/wp\/v2\/media\/69192"}],"wp:attachment":[{"href":"https:\/\/www.interaccionnoticias.com.mx\/index.php?rest_route=%2Fwp%2Fv2%2Fmedia&parent=69191"}],"wp:term":[{"taxonomy":"category","embeddable":true,"href":"https:\/\/www.interaccionnoticias.com.mx\/index.php?rest_route=%2Fwp%2Fv2%2Fcategories&post=69191"},{"taxonomy":"post_tag","embeddable":true,"href":"https:\/\/www.interaccionnoticias.com.mx\/index.php?rest_route=%2Fwp%2Fv2%2Ftags&post=69191"}],"curies":[{"name":"wp","href":"https:\/\/api.w.org\/{rel}","templated":true}]}}