{"id":6919,"date":"2017-08-01T21:08:09","date_gmt":"2017-08-02T02:08:09","guid":{"rendered":"http:\/\/www.inter-accion.com.mx\/?p=6919"},"modified":"2017-08-01T21:08:09","modified_gmt":"2017-08-02T02:08:09","slug":"investigar-que-hay-detras-de-protestas-contra-la-pf-en-chichihualco-pide-dh","status":"publish","type":"post","link":"https:\/\/www.interaccionnoticias.com.mx\/?p=6919","title":{"rendered":"Investigar qu\u00e9 hay detr\u00e1s de protestas contra la PF en Chichihualco, pide DH"},"content":{"rendered":"<p>El presidente de la Comisi\u00f3n Estatal de Derechos Humanos, Ram\u00f3n Navarrete Magdaleno, se\u00f1al\u00f3 las autoridades ministeriales deber\u00e1n investigar \u201cqu\u00e9 hay detr\u00e1s\u201d del movimiento de ciudadanos en Chichihualco, quienes desde la ma\u00f1ana del domingo iniciaron manifestaciones para exigir la salida de la polic\u00eda federal.<br \/>\nEn entrevista con la estaci\u00f3n Notisur, Navarrete Magdaleno se\u00f1al\u00f3 que la polic\u00eda debe actuar en todos los lugares donde sea necesaria su presencia, por seguridad de todos; sin embargo, apunt\u00f3 que la preocupaci\u00f3n&nbsp; de la Comisi\u00f3n de Derechos Humanos, en el conflicto que se presenta en Chichihualco, es proteger a los ciudadanos.<br \/>\n\u201cLa polic\u00eda tiene que actuar en todos los lugares donde sea necesaria su presencia por seguridad de todos, desde luego con estricto respeto a los Derechos Humanos. Qu\u00e9 hay detr\u00e1s de todo es movimiento, corresponde a las autoridades judiciales, a las autoridades ministeriales determinar que hay detr\u00e1s de todo ese movimiento, pero nosotros tratamos de proteger a las personas, a los ciudadanos a los ni\u00f1os que habitan en esas comunidades, y eso es lo que nos preocupa\u201d, se\u00f1al\u00f3.<br \/>\nEl ombudsman del estado indic\u00f3 que la funci\u00f3n de la Comisi\u00f3n estatal es coadyuvar con la Comisi\u00f3n Nacional de Derechos Humanos, quien es la que encargada de dar seguimiento&nbsp; al caso Chichihualco, toda vez que es una fuerza federal la que est\u00e1 involucrada como una de las partes en conflicto.<br \/>\nInform\u00f3 que como parte de sus actuaciones, ha mantenido comunicaci\u00f3n con \u201cl\u00edderes, o por lo menos cabezas visibles\u201d del grupo de ciudadanos que exigen la salida de la Polic\u00eda Federal de Chichihualco, aunque no especific\u00f3 los puntos tratados en dichas conversaciones.<br \/>\nDesde el martes de la semana pasada inici\u00f3 un conflicto en la cabecera municipal de Leonardo Bravo, luego de un enfrentamiento entre delincuentes y polic\u00edas federales, que dej\u00f3 como saldo un oficial muerto, y dos heridos.<br \/>\nEl s\u00e1bado, agentes de la misma corporaci\u00f3n destruyeron un plant\u00edo de amapola en el punto conocido como Cerro Grande, perteneciente a Chichihualco, y en las \u00faltimas 48 horas se registraron manifestaciones de ciudadanos para exigir la salida de las fuerzas federales, a quienes acusan de actos de abuso de autoridad.<br \/>\n&nbsp;<\/p>\n","protected":false},"excerpt":{"rendered":"<p>El presidente de la Comisi\u00f3n Estatal de Derechos Humanos, Ram\u00f3n Navarrete Magdaleno, se\u00f1al\u00f3 las autoridades ministeriales deber\u00e1n investigar \u201cqu\u00e9 hay detr\u00e1s\u201d del movimiento de ciudadanos en Chichihualco, quienes desde la&hellip; <\/p>\n","protected":false},"author":1,"featured_media":0,"comment_status":"closed","ping_status":"closed","sticky":false,"template":"","format":"standard","meta":{"fifu_image_url":"","fifu_image_alt":"","footnotes":""},"categories":[8,15],"tags":[],"class_list":["post-6919","post","type-post","status-publish","format-standard","hentry","category-featured","category-movimientos-sociales"],"_links":{"self":[{"href":"https:\/\/www.interaccionnoticias.com.mx\/index.php?rest_route=\/wp\/v2\/posts\/6919","targetHints":{"allow":["GET"]}}],"collection":[{"href":"https:\/\/www.interaccionnoticias.com.mx\/index.php?rest_route=\/wp\/v2\/posts"}],"about":[{"href":"https:\/\/www.interaccionnoticias.com.mx\/index.php?rest_route=\/wp\/v2\/types\/post"}],"author":[{"embeddable":true,"href":"https:\/\/www.interaccionnoticias.com.mx\/index.php?rest_route=\/wp\/v2\/users\/1"}],"replies":[{"embeddable":true,"href":"https:\/\/www.interaccionnoticias.com.mx\/index.php?rest_route=%2Fwp%2Fv2%2Fcomments&post=6919"}],"version-history":[{"count":0,"href":"https:\/\/www.interaccionnoticias.com.mx\/index.php?rest_route=\/wp\/v2\/posts\/6919\/revisions"}],"wp:attachment":[{"href":"https:\/\/www.interaccionnoticias.com.mx\/index.php?rest_route=%2Fwp%2Fv2%2Fmedia&parent=6919"}],"wp:term":[{"taxonomy":"category","embeddable":true,"href":"https:\/\/www.interaccionnoticias.com.mx\/index.php?rest_route=%2Fwp%2Fv2%2Fcategories&post=6919"},{"taxonomy":"post_tag","embeddable":true,"href":"https:\/\/www.interaccionnoticias.com.mx\/index.php?rest_route=%2Fwp%2Fv2%2Ftags&post=6919"}],"curies":[{"name":"wp","href":"https:\/\/api.w.org\/{rel}","templated":true}]}}