{"id":69184,"date":"2023-10-05T20:19:54","date_gmt":"2023-10-06T01:19:54","guid":{"rendered":"https:\/\/interaccionnoticias.com.mx\/?p=69184"},"modified":"2023-10-05T20:19:56","modified_gmt":"2023-10-06T01:19:56","slug":"reprocha-abogado-de-los-43-postura-del-presidente-de-la-republica-respecto-al-caso-iguala","status":"publish","type":"post","link":"https:\/\/www.interaccionnoticias.com.mx\/?p=69184","title":{"rendered":"Reprocha abogado de los 43, postura del presidente de la Rep\u00fablica respecto al Caso Iguala"},"content":{"rendered":"\n<p><strong><em>&#8212; \u201cDice lo mismo que los funcionarios del r\u00e9gimen neoliberal\u201d, reprocha Vidulfo Rosales<\/em><\/strong><\/p>\n\n\n\n<p><strong>Rogelio Agust\u00edn<\/strong><\/p>\n\n\n\n<p>El abogado de los padres de los 43, Vidulfo Rosales Sierra reproch\u00f3 que el presidente de la Rep\u00fablica, Andr\u00e9s Manuel L\u00f3pez Obrador libere de cualquier responsabilidad en el caso Iguala a su antecesor en el cargo, Enrique Pe\u00f1a Nieto y al Ej\u00e9rcito Mexicano.<\/p>\n\n\n\n<p>En su muro de Facebook, Rosales Sierra fij\u00f3 un posicionamiento respecto a los comentarios hechos por el presidente L\u00f3pez Obrador durante la conferencia matutina del mi\u00e9rcoles 4 de octubre, en la que se\u00f1al\u00f3 que los ataques en contra de los normalistas rurales fueron ejecutados por integrantes de un grupo delictivo, en colusi\u00f3n con autoridades locales.<\/p>\n\n\n\n<p>El presidente se\u00f1al\u00f3 que ni el ex presidente Pe\u00f1a Nieto, ni los altos mandos del Ej\u00e9rcito Mexicano ordenaron los ataques perpetrados en contra de los j\u00f3venes.<\/p>\n\n\n\n<p>\u201cFue crimen de Estado, elementos del Ej\u00e9rcito supieron lo ocurrido y ocultaron la informaci\u00f3n del paradero\u201d, se\u00f1al\u00f3 en su red social el abogado.<\/p>\n\n\n\n<p>Luego sostuvo: \u201cEl entonces presidente de la Rep\u00fablica, Enrique Pe\u00f1a Nieto fragu\u00f3 la verdad hist\u00f3rica\u201d.<\/p>\n\n\n\n<p>Y reproch\u00f3: \u201cPero son inocentes y no se les debe investigar\u201d.<\/p>\n\n\n\n<p>Argument\u00f3 que hay militares y funcionarios federales detenidos, \u201cpero sus Jefes que dieron las \u00f3rdenes no tienen ninguna responsabilidad, dice el Presidente\u201d.<\/p>\n\n\n\n<p>Record\u00f3 que la denominada \u201cverdad hist\u00f3rica\u201d, dada a conocer por el ex procurador Jes\u00fas Murillo Karam dec\u00eda que el \u00e1mbito de responsabilidad era local, en consecuencia exoneraba las autoridades federales.<\/p>\n\n\n\n<p>Refiere que el presidente L\u00f3pez Obrador est\u00e1 en contra de la verdad hist\u00f3rica, pero indica el hecho de que dice lo mismo que los funcionarios del \u00abr\u00e9gimen neoliberal\u00bb.<\/p>\n\n\n\n<p>Y apunta lo que dice el jefe del Ejecutivo federal: \u201cLa responsabilidad fue de autoridades locales, el entonces secretario de la Defensa Nacional y el presidente de la Rep\u00fablica nada tuvieron que ver, aunque el informe de Alejandro Encinas diga lo contrario\u201d.<\/p>\n","protected":false},"excerpt":{"rendered":"<p>&#8212; \u201cDice lo mismo que los funcionarios del r\u00e9gimen neoliberal\u201d, reprocha Vidulfo Rosales Rogelio Agust\u00edn El abogado de los padres de los 43, Vidulfo Rosales Sierra reproch\u00f3 que el presidente&hellip; <\/p>\n","protected":false},"author":21,"featured_media":65395,"comment_status":"open","ping_status":"open","sticky":false,"template":"","format":"standard","meta":{"fifu_image_url":"","fifu_image_alt":"","footnotes":""},"categories":[15],"tags":[],"class_list":["post-69184","post","type-post","status-publish","format-standard","has-post-thumbnail","hentry","category-movimientos-sociales"],"_links":{"self":[{"href":"https:\/\/www.interaccionnoticias.com.mx\/index.php?rest_route=\/wp\/v2\/posts\/69184","targetHints":{"allow":["GET"]}}],"collection":[{"href":"https:\/\/www.interaccionnoticias.com.mx\/index.php?rest_route=\/wp\/v2\/posts"}],"about":[{"href":"https:\/\/www.interaccionnoticias.com.mx\/index.php?rest_route=\/wp\/v2\/types\/post"}],"author":[{"embeddable":true,"href":"https:\/\/www.interaccionnoticias.com.mx\/index.php?rest_route=\/wp\/v2\/users\/21"}],"replies":[{"embeddable":true,"href":"https:\/\/www.interaccionnoticias.com.mx\/index.php?rest_route=%2Fwp%2Fv2%2Fcomments&post=69184"}],"version-history":[{"count":1,"href":"https:\/\/www.interaccionnoticias.com.mx\/index.php?rest_route=\/wp\/v2\/posts\/69184\/revisions"}],"predecessor-version":[{"id":69185,"href":"https:\/\/www.interaccionnoticias.com.mx\/index.php?rest_route=\/wp\/v2\/posts\/69184\/revisions\/69185"}],"wp:featuredmedia":[{"embeddable":true,"href":"https:\/\/www.interaccionnoticias.com.mx\/index.php?rest_route=\/wp\/v2\/media\/65395"}],"wp:attachment":[{"href":"https:\/\/www.interaccionnoticias.com.mx\/index.php?rest_route=%2Fwp%2Fv2%2Fmedia&parent=69184"}],"wp:term":[{"taxonomy":"category","embeddable":true,"href":"https:\/\/www.interaccionnoticias.com.mx\/index.php?rest_route=%2Fwp%2Fv2%2Fcategories&post=69184"},{"taxonomy":"post_tag","embeddable":true,"href":"https:\/\/www.interaccionnoticias.com.mx\/index.php?rest_route=%2Fwp%2Fv2%2Ftags&post=69184"}],"curies":[{"name":"wp","href":"https:\/\/api.w.org\/{rel}","templated":true}]}}