{"id":69178,"date":"2023-10-05T19:00:53","date_gmt":"2023-10-06T00:00:53","guid":{"rendered":"https:\/\/interaccionnoticias.com.mx\/?p=69178"},"modified":"2023-10-05T19:00:56","modified_gmt":"2023-10-06T00:00:56","slug":"dirigente-de-la-ctm-guerrero-se-desmarca-de-adhesion-a-favor-de-claudia-sheimbaum","status":"publish","type":"post","link":"https:\/\/www.interaccionnoticias.com.mx\/?p=69178","title":{"rendered":"Dirigente de la CTM-Guerrero se desmarca de adhesi\u00f3n a favor de Claudia Sheimbaum"},"content":{"rendered":"\n<p><strong><em>&#8212; Rodolfo Escobar \u00c1vila ratifica su militancia en el PRI<\/em><\/strong><\/p>\n\n\n\n<p><strong>Rogelio Agust\u00edn<\/strong><\/p>\n\n\n\n<p>El dirigente estatal de la Confederaci\u00f3n de los Trabajadores Mexicanos (CTM) en Guerrero, Rodolfo Escobar \u00c1vila se deslind\u00f3 de la firma de apoyo a favor de Claudia Sheimbaum Pardo, coordinadora nacional de los comit\u00e9s de defensa de MORENA y ratific\u00f3 su militancia en las filas del PRI.<\/p>\n\n\n\n<p>La ma\u00f1ana del jueves, se difundi\u00f3 en diferentes medios de comunicaci\u00f3n, una relaci\u00f3n de ciudadanos que presuntamente hab\u00edan firmado un acuerdo por la unidad a favor del proyecto que representa la ex jefa de gobierno de la Ciudad de M\u00e9xico.<\/p>\n\n\n\n<p>Entre los nombres que se citan, figara el de Escobar \u00c1vila, ex diputado local y de quien se conoce su militancia en el PRI, lo que se interpretaba como una deserci\u00f3n de las filas del tricolor.<\/p>\n\n\n\n<p>Este d\u00eda, Escobar \u00c1vila difundi\u00f3 un comunicado en el que se\u00f1ala que se enter\u00f3 de la famosa firma a favor de Sheimbaum Pardo a trav\u00e9s de los medios de comunicaci\u00f3n y redes sociales.<\/p>\n\n\n\n<p>Ante dicha informaci\u00f3n asever\u00f3: \u201cNiego rotundamente el haber firmado alg\u00fan documento o convenio en apoyo a la ex jefa de gobierno de la Ciudad de M\u00e9xico\u201d.<\/p>\n\n\n\n<p>Enseguida refiere: \u201cQuiero dejar en claro mi compromiso para seguir firme y adelante con mi partido, el PRI\u201d.<\/p>\n\n\n\n<p>Es en esa parte en la que enfatiza: \u201cEn este sentido y sabedores que la CTM representa el sector m\u00e1s fuerte y organizado del Revolucionario Institucional, es preciso se\u00f1alar que no hay dudas de mi permanencia y militancia\u201d.<\/p>\n\n\n\n<p>Quien si se sum\u00f3 al proyecto de Claudia Sheumbaum, fue el dos veces candidato a presidente municipal de Acapulco por el PRI, Ricardo Taja Ram\u00edrez, quien tambi\u00e9n fue diputado local y federal por dicho instituto pol\u00edtico.<\/p>\n","protected":false},"excerpt":{"rendered":"<p>&#8212; Rodolfo Escobar \u00c1vila ratifica su militancia en el PRI Rogelio Agust\u00edn El dirigente estatal de la Confederaci\u00f3n de los Trabajadores Mexicanos (CTM) en Guerrero, Rodolfo Escobar \u00c1vila se deslind\u00f3&hellip; <\/p>\n","protected":false},"author":21,"featured_media":69179,"comment_status":"open","ping_status":"open","sticky":false,"template":"","format":"standard","meta":{"fifu_image_url":"","fifu_image_alt":"","footnotes":""},"categories":[21],"tags":[],"class_list":["post-69178","post","type-post","status-publish","format-standard","has-post-thumbnail","hentry","category-politica"],"_links":{"self":[{"href":"https:\/\/www.interaccionnoticias.com.mx\/index.php?rest_route=\/wp\/v2\/posts\/69178","targetHints":{"allow":["GET"]}}],"collection":[{"href":"https:\/\/www.interaccionnoticias.com.mx\/index.php?rest_route=\/wp\/v2\/posts"}],"about":[{"href":"https:\/\/www.interaccionnoticias.com.mx\/index.php?rest_route=\/wp\/v2\/types\/post"}],"author":[{"embeddable":true,"href":"https:\/\/www.interaccionnoticias.com.mx\/index.php?rest_route=\/wp\/v2\/users\/21"}],"replies":[{"embeddable":true,"href":"https:\/\/www.interaccionnoticias.com.mx\/index.php?rest_route=%2Fwp%2Fv2%2Fcomments&post=69178"}],"version-history":[{"count":1,"href":"https:\/\/www.interaccionnoticias.com.mx\/index.php?rest_route=\/wp\/v2\/posts\/69178\/revisions"}],"predecessor-version":[{"id":69180,"href":"https:\/\/www.interaccionnoticias.com.mx\/index.php?rest_route=\/wp\/v2\/posts\/69178\/revisions\/69180"}],"wp:featuredmedia":[{"embeddable":true,"href":"https:\/\/www.interaccionnoticias.com.mx\/index.php?rest_route=\/wp\/v2\/media\/69179"}],"wp:attachment":[{"href":"https:\/\/www.interaccionnoticias.com.mx\/index.php?rest_route=%2Fwp%2Fv2%2Fmedia&parent=69178"}],"wp:term":[{"taxonomy":"category","embeddable":true,"href":"https:\/\/www.interaccionnoticias.com.mx\/index.php?rest_route=%2Fwp%2Fv2%2Fcategories&post=69178"},{"taxonomy":"post_tag","embeddable":true,"href":"https:\/\/www.interaccionnoticias.com.mx\/index.php?rest_route=%2Fwp%2Fv2%2Ftags&post=69178"}],"curies":[{"name":"wp","href":"https:\/\/api.w.org\/{rel}","templated":true}]}}