{"id":6910,"date":"2017-08-01T19:27:59","date_gmt":"2017-08-02T00:27:59","guid":{"rendered":"http:\/\/www.inter-accion.com.mx\/?p=6910"},"modified":"2017-08-01T19:27:59","modified_gmt":"2017-08-02T00:27:59","slug":"reconoce-secretario-de-desarrollo-economico-que-las-mineras-promueven-amparos","status":"publish","type":"post","link":"https:\/\/www.interaccionnoticias.com.mx\/?p=6910","title":{"rendered":"Reconoce secretario de Desarrollo Econ\u00f3mico que las mineras promueven amparos"},"content":{"rendered":"<p>Para no aportar recursos a las comunidades en que operan<br \/>\n&nbsp;<br \/>\nEl secretario de Desarrollo Econ\u00f3mico del gobierno estatal, Alvaro Burgos Barrera reconoci\u00f3 que las mineras extranjeras que operan en la entidad buscan el amparo para no aportar recursos a las comunidades en que tienen instalaciones, sin embargo, aclar\u00f3 que hasta el momento los recursos del Fondo Minero se encuentran a salvo.<br \/>\nEn la residencia oficial Casa Guerrero, el funcionario explic\u00f3 que hasta el momento, el gobierno estatal no ha sido notificado oficialmente del recurso de amparo que promueve la empresa Media Luna, con la intenci\u00f3n de no pagar el porcentaje de las utilidades que impone el impuesto especial creado por el Congreso de la Uni\u00f3n desde 2014, al cual se le ha dado la denominaci\u00f3n de Fondo Minero.<br \/>\nSin embargo, reconoci\u00f3 que tiene informaci\u00f3n sobre la interposici\u00f3n de dicho juicio de manera extraoficial, principalmente por los comentarios que ha vertido ante la prensa el presidente municipal de Eduardo Neri, Pablo Higuera Fuentes.<br \/>\nA principios de julio, el alcalde de Eduardo Neri se\u00f1al\u00f3 que el Poder Judicial de la Federaci\u00f3n le notific\u00f3 de manera oficial, en calidad de tercer interesado que Media Luna promovi\u00f3 un juicio de amparo en contra del impuesto especial creado en 2014.<br \/>\nHiguera Fuentes asegur\u00f3 que el gobierno estatal tambi\u00e9n debi\u00f3 ser notificado en calidad de tercer interesado, pero este martes 1 de agosto el secretario de Desarrollo Econ\u00f3mico sostuvo que no hay nada oficial hasta el momento.<br \/>\n\u201cEl tema no es novedoso, la mayor\u00eda de las empresas cuando se cre\u00f3 este impuesto se ampararon, Media Luna es una empresa de reciente creaci\u00f3n y tienen su derecho, pero ya ser\u00e1 la instancia oficial correspondiente la que determine\u201d, anot\u00f3.<br \/>\nIndependientemente de la resistencia que deja en evidencia la existencia de dicho recurso legal, por la intenci\u00f3n de no apoyar a los pueblos, Burgos Barrera mencion\u00f3 que lo importante es que el Fondo Minero est\u00e1 trabajando, pues ya se liber\u00f3 lo relacionado con el ejercicio 2014 y se est\u00e1 proyectando lo que tiene que ver con 2015.<\/p>\n","protected":false},"excerpt":{"rendered":"<p>Para no aportar recursos a las comunidades en que operan &nbsp; El secretario de Desarrollo Econ\u00f3mico del gobierno estatal, Alvaro Burgos Barrera reconoci\u00f3 que las mineras extranjeras que operan en&hellip; <\/p>\n","protected":false},"author":1,"featured_media":0,"comment_status":"closed","ping_status":"closed","sticky":false,"template":"","format":"standard","meta":{"fifu_image_url":"","fifu_image_alt":"","footnotes":""},"categories":[8,11],"tags":[],"class_list":["post-6910","post","type-post","status-publish","format-standard","hentry","category-featured","category-guerrero"],"_links":{"self":[{"href":"https:\/\/www.interaccionnoticias.com.mx\/index.php?rest_route=\/wp\/v2\/posts\/6910","targetHints":{"allow":["GET"]}}],"collection":[{"href":"https:\/\/www.interaccionnoticias.com.mx\/index.php?rest_route=\/wp\/v2\/posts"}],"about":[{"href":"https:\/\/www.interaccionnoticias.com.mx\/index.php?rest_route=\/wp\/v2\/types\/post"}],"author":[{"embeddable":true,"href":"https:\/\/www.interaccionnoticias.com.mx\/index.php?rest_route=\/wp\/v2\/users\/1"}],"replies":[{"embeddable":true,"href":"https:\/\/www.interaccionnoticias.com.mx\/index.php?rest_route=%2Fwp%2Fv2%2Fcomments&post=6910"}],"version-history":[{"count":0,"href":"https:\/\/www.interaccionnoticias.com.mx\/index.php?rest_route=\/wp\/v2\/posts\/6910\/revisions"}],"wp:attachment":[{"href":"https:\/\/www.interaccionnoticias.com.mx\/index.php?rest_route=%2Fwp%2Fv2%2Fmedia&parent=6910"}],"wp:term":[{"taxonomy":"category","embeddable":true,"href":"https:\/\/www.interaccionnoticias.com.mx\/index.php?rest_route=%2Fwp%2Fv2%2Fcategories&post=6910"},{"taxonomy":"post_tag","embeddable":true,"href":"https:\/\/www.interaccionnoticias.com.mx\/index.php?rest_route=%2Fwp%2Fv2%2Ftags&post=6910"}],"curies":[{"name":"wp","href":"https:\/\/api.w.org\/{rel}","templated":true}]}}