{"id":69096,"date":"2023-10-04T15:37:04","date_gmt":"2023-10-04T20:37:04","guid":{"rendered":"https:\/\/interaccionnoticias.com.mx\/?p=69096"},"modified":"2023-10-04T15:37:07","modified_gmt":"2023-10-04T20:37:07","slug":"el-congreso-de-guerrero-incurre-en-omision-legislativa-al-no-aprobar-los-cabildos-instituyentes","status":"publish","type":"post","link":"https:\/\/www.interaccionnoticias.com.mx\/?p=69096","title":{"rendered":"El Congreso de Guerrero incurre en omisi\u00f3n legislativa al no aprobar los cabildos instituyentes"},"content":{"rendered":"\n<p><strong><em>&#8212; H\u00e9ctor Apreza asegura que PRD Y MORENA pretenden \u201cmeter las manos\u201d a las planillas elegidas por los pueblos<\/em><\/strong><\/p>\n\n\n\n<p><strong>Rosario Garc\u00eda Orozco<\/strong><\/p>\n\n\n\n<p><strong>Chilpancingo, Gro., 04 de octubre del 2023.- <\/strong>El coordinador de la Fracci\u00f3n Parlamentaria del PRI en el Congreso de Guerrero, H\u00e9ctor Apreza Patr\u00f3n asegur\u00f3 que la actual legislatura \u201cest\u00e1 incurriendo en omisi\u00f3n legislativa\u201d, al no aprobar la asignaci\u00f3n de los cabildos instituyentes de San Nicol\u00e1s y Las Vigas.<\/p>\n\n\n\n<p>Dijo que existe la \u201cpresunci\u00f3n\u201d de que se est\u00e1n violentando los derechos humanos de los pueblos Afromexicanos y de las mujeres, y explic\u00f3 que, luego de no designar los ayuntamientos instituyentes, se present\u00f3 una Iniciativa de Reforma que ampl\u00eda el plazo para la integraci\u00f3n de los cabildos, \u201cpero eso no resuelve el problema\u201d.<\/p>\n\n\n\n<p>Apreza Patr\u00f3n, responsabiliz\u00f3 a \u201calgunos diputados de Morena y PRD, de meter la manos a las planillas que fueron seleccionas en los pueblos\u201d, y elegidas de acuerdo a los procedimientos aprobados por el poder legislativo local, \u201cen el PRD \u2013en el caso de Las Vigas-, es muy visible qui\u00e9nes est\u00e1n votando en un sentido u otro, y en San Nicol\u00e1s dos diputados de Morena\u201d, insisti\u00f3 el pri\u00edsta sin dar nombres.<\/p>\n\n\n\n<p>Lament\u00f3 que por \u201cintereses\u201d de Morena no se puedan concretar los nombramientos los integrantes de los cabildos institutentes y \u201cexiste el riesgo\u201d que los ayuntamientos de reciente creaci\u00f3n queden fuera del presupuesto para 2024.<\/p>\n\n\n\n<p>El legislador local, asegur\u00f3 que el Grupo Parlamentario del PRI est\u00e1 \u201curgiendo se designe ya, los dos cabildos que faltan \u2013San Nicol\u00e1s y Las Vigas-\u201c, y promueven que se respete la ley org\u00e1nica del municipio libre, la constituci\u00f3n y los procedimientos que aprobamos\u201d.<\/p>\n\n\n\n<p>Agreg\u00f3: \u201cLa omisi\u00f3n legislativa ya est\u00e1, las diputadas y diputados de esta legislaci\u00f3n estamos incurriendo en omisi\u00f3n. Es importante que se lo cuestionen a las diputadas y diputados de Morena y PRD que se est\u00e1n oponiendo a que haya cabildos instituyentes en donde se respete la voluntad del pueblo\u201d, asever\u00f3.<\/p>\n\n\n\n<p>Cabe recordar que el plazo para la integraci\u00f3n de los municipios instituyentes expir\u00f3 el pasado viernes 29 de septiembre, pero el Pleno del Congreso Local rechaz\u00f3 las propuestas para integrar los cabildos de los municipios de reciente creaci\u00f3n, y se aplaz\u00f3 el t\u00e9rmino.<\/p>\n","protected":false},"excerpt":{"rendered":"<p>&#8212; H\u00e9ctor Apreza asegura que PRD Y MORENA pretenden \u201cmeter las manos\u201d a las planillas elegidas por los pueblos Rosario Garc\u00eda Orozco Chilpancingo, Gro., 04 de octubre del 2023.- El&hellip; <\/p>\n","protected":false},"author":14,"featured_media":69097,"comment_status":"open","ping_status":"open","sticky":false,"template":"","format":"standard","meta":{"fifu_image_url":"","fifu_image_alt":"","footnotes":""},"categories":[2],"tags":[],"class_list":["post-69096","post","type-post","status-publish","format-standard","has-post-thumbnail","hentry","category-congreso"],"_links":{"self":[{"href":"https:\/\/www.interaccionnoticias.com.mx\/index.php?rest_route=\/wp\/v2\/posts\/69096","targetHints":{"allow":["GET"]}}],"collection":[{"href":"https:\/\/www.interaccionnoticias.com.mx\/index.php?rest_route=\/wp\/v2\/posts"}],"about":[{"href":"https:\/\/www.interaccionnoticias.com.mx\/index.php?rest_route=\/wp\/v2\/types\/post"}],"author":[{"embeddable":true,"href":"https:\/\/www.interaccionnoticias.com.mx\/index.php?rest_route=\/wp\/v2\/users\/14"}],"replies":[{"embeddable":true,"href":"https:\/\/www.interaccionnoticias.com.mx\/index.php?rest_route=%2Fwp%2Fv2%2Fcomments&post=69096"}],"version-history":[{"count":1,"href":"https:\/\/www.interaccionnoticias.com.mx\/index.php?rest_route=\/wp\/v2\/posts\/69096\/revisions"}],"predecessor-version":[{"id":69098,"href":"https:\/\/www.interaccionnoticias.com.mx\/index.php?rest_route=\/wp\/v2\/posts\/69096\/revisions\/69098"}],"wp:featuredmedia":[{"embeddable":true,"href":"https:\/\/www.interaccionnoticias.com.mx\/index.php?rest_route=\/wp\/v2\/media\/69097"}],"wp:attachment":[{"href":"https:\/\/www.interaccionnoticias.com.mx\/index.php?rest_route=%2Fwp%2Fv2%2Fmedia&parent=69096"}],"wp:term":[{"taxonomy":"category","embeddable":true,"href":"https:\/\/www.interaccionnoticias.com.mx\/index.php?rest_route=%2Fwp%2Fv2%2Fcategories&post=69096"},{"taxonomy":"post_tag","embeddable":true,"href":"https:\/\/www.interaccionnoticias.com.mx\/index.php?rest_route=%2Fwp%2Fv2%2Ftags&post=69096"}],"curies":[{"name":"wp","href":"https:\/\/api.w.org\/{rel}","templated":true}]}}