{"id":69093,"date":"2023-10-04T15:28:57","date_gmt":"2023-10-04T20:28:57","guid":{"rendered":"https:\/\/interaccionnoticias.com.mx\/?p=69093"},"modified":"2023-10-04T15:29:00","modified_gmt":"2023-10-04T20:29:00","slug":"johnnattan-munivez-mayo-desaparecio-hace-15-anos","status":"publish","type":"post","link":"https:\/\/www.interaccionnoticias.com.mx\/?p=69093","title":{"rendered":"Johnnattan Munivez Mayo desapareci\u00f3 hace 15 a\u00f1os"},"content":{"rendered":"\n<p><strong><em>&#8212; Su familia celebr\u00f3 una misa por su cumplea\u00f1os n\u00famero 36<\/em><\/strong><\/p>\n\n\n\n<p><strong>Yasm\u00edn Garc\u00eda<\/strong><\/p>\n\n\n\n<p><strong>Chilpancingo, Gro., a 4 de octubre 2023.-<\/strong> Johnnattan Munivez Mayo desapareci\u00f3 el 3 de noviembre del a\u00f1o 2018 en la colonia Villas Magisteriales, Petaquillas, su familia celebr\u00f3 una misa por su cumplea\u00f1os n\u00famero 36.<\/p>\n\n\n\n<p>Ese d\u00eda, hombres que se desplazaban en camionetas tornado con logotipos de la polic\u00eda municipal ingresaron a su departamento a las tres de la ma\u00f1ana y se lo llevaron, desde entonces su familia no sabe nada de su paradero.<\/p>\n\n\n\n<p>Francisca Mayo Ram\u00edrez, madre de Johnnttan Munivez, ha buscado a su hijo en cerros de la capital del estado, su \u00faltima b\u00fasqueda en Chilpancingo fue con el colectivo Memoria, Verdad y Justicia Acapulco el pasado mes de agosto, en el cerro del Parador del Marqu\u00e9s y en uno de los cerros de la colonia Nueva Esperanza al poniente de Chilpancingo.<\/p>\n\n\n\n<p>Durante estos 15 a\u00f1os, Francisca Mayo no ha tenido ning\u00fan avance en la investigaci\u00f3n sobre el paradero de su hijo por parte de la Fiscal\u00eda General del Estado (FGE), incluso en el Servicio M\u00e9dico Forense (SEMEFO) le dijeron que las muestras de ADN que ella ha dejado no existen.<\/p>\n\n\n\n<p>\u00abAcud\u00ed como hace tres meses para pedir que realizar\u00e1n pruebas de ADN porque encontraron unas fosas en Taxco y me dijeron que no ten\u00edan mi ADN en sus archivos\u00bb recrimin\u00f3 la madre de Johnnttan.<\/p>\n\n\n\n<p>La misa se celebr\u00f3 en la capilla de la casa del peregrino, fue oficiada por el sacerdote Jos\u00e9 Filiberto Vel\u00e1zquez Florencio, as\u00ed mismo estuvieron presentes madres buscadoras del Colectivo Memoria, Verdad y Justicia Acapulco.<\/p>\n\n\n\n<p>En su mensaje el padre Jos\u00e9 Filiberto Vel\u00e1zquez llam\u00f3 a las madres buscadoras a no olvidar a sus hijos desaparecidos, ya que el recuerdo y la memoria es lo \u00fanico que el estado y el crimen organizado no pueden quitarle a las personas.<\/p>\n\n\n\n<p>\u00abEstamos en un pa\u00eds en donde no existe la paz, la memoria no se pierde es lo que el crimen organizado y el estado no nos pueden quitar, recordar con alegr\u00eda la vida de nuestros desaparecidos\u00bb.<\/p>\n","protected":false},"excerpt":{"rendered":"<p>&#8212; Su familia celebr\u00f3 una misa por su cumplea\u00f1os n\u00famero 36 Yasm\u00edn Garc\u00eda Chilpancingo, Gro., a 4 de octubre 2023.- Johnnattan Munivez Mayo desapareci\u00f3 el 3 de noviembre del a\u00f1o&hellip; <\/p>\n","protected":false},"author":32,"featured_media":69094,"comment_status":"open","ping_status":"open","sticky":false,"template":"","format":"standard","meta":{"fifu_image_url":"","fifu_image_alt":"","footnotes":""},"categories":[29],"tags":[],"class_list":["post-69093","post","type-post","status-publish","format-standard","has-post-thumbnail","hentry","category-sociedad"],"_links":{"self":[{"href":"https:\/\/www.interaccionnoticias.com.mx\/index.php?rest_route=\/wp\/v2\/posts\/69093","targetHints":{"allow":["GET"]}}],"collection":[{"href":"https:\/\/www.interaccionnoticias.com.mx\/index.php?rest_route=\/wp\/v2\/posts"}],"about":[{"href":"https:\/\/www.interaccionnoticias.com.mx\/index.php?rest_route=\/wp\/v2\/types\/post"}],"author":[{"embeddable":true,"href":"https:\/\/www.interaccionnoticias.com.mx\/index.php?rest_route=\/wp\/v2\/users\/32"}],"replies":[{"embeddable":true,"href":"https:\/\/www.interaccionnoticias.com.mx\/index.php?rest_route=%2Fwp%2Fv2%2Fcomments&post=69093"}],"version-history":[{"count":1,"href":"https:\/\/www.interaccionnoticias.com.mx\/index.php?rest_route=\/wp\/v2\/posts\/69093\/revisions"}],"predecessor-version":[{"id":69095,"href":"https:\/\/www.interaccionnoticias.com.mx\/index.php?rest_route=\/wp\/v2\/posts\/69093\/revisions\/69095"}],"wp:featuredmedia":[{"embeddable":true,"href":"https:\/\/www.interaccionnoticias.com.mx\/index.php?rest_route=\/wp\/v2\/media\/69094"}],"wp:attachment":[{"href":"https:\/\/www.interaccionnoticias.com.mx\/index.php?rest_route=%2Fwp%2Fv2%2Fmedia&parent=69093"}],"wp:term":[{"taxonomy":"category","embeddable":true,"href":"https:\/\/www.interaccionnoticias.com.mx\/index.php?rest_route=%2Fwp%2Fv2%2Fcategories&post=69093"},{"taxonomy":"post_tag","embeddable":true,"href":"https:\/\/www.interaccionnoticias.com.mx\/index.php?rest_route=%2Fwp%2Fv2%2Ftags&post=69093"}],"curies":[{"name":"wp","href":"https:\/\/api.w.org\/{rel}","templated":true}]}}