{"id":69090,"date":"2023-10-04T15:24:41","date_gmt":"2023-10-04T20:24:41","guid":{"rendered":"https:\/\/interaccionnoticias.com.mx\/?p=69090"},"modified":"2023-10-04T15:24:43","modified_gmt":"2023-10-04T20:24:43","slug":"vecinos-del-barrio-de-tequicorral-denuncian-la-acumulacion-de-basura-fuera-de-la-escuela","status":"publish","type":"post","link":"https:\/\/www.interaccionnoticias.com.mx\/?p=69090","title":{"rendered":"Vecinos del barrio de Tequicorral denuncian la acumulaci\u00f3n de basura fuera de la escuela"},"content":{"rendered":"\n<p><strong>Jes\u00fas Dorantes<\/strong><\/p>\n\n\n\n<p><strong>Chilpancingo, Gro.-<\/strong> Habitantes del barrio de Tequicorral de la capital denunciaron que vecinos de la secundaria Raymundo Abarca Alarc\u00f3n utilizan el exterior como basurero provincial, d\u00f3nde colocan grandes cantidades de basura en espera de que el cami\u00f3n recolector los levante.<\/p>\n\n\n\n<p>En una publicaci\u00f3n video de Facebook desde el perfil de la escuela secundaria, mostraron la gran cantidad de bolsas de basura que encontraron la ma\u00f1ana del mi\u00e9rcoles 04 de octubre esparcida en la entrada por d\u00f3nde caminan los estudiantes.<\/p>\n\n\n\n<p>Durante la trasmisi\u00f3n el director del plantel Benito \u00c1ngel Garc\u00eda Hern\u00e1ndez denunci\u00f3 que no es la primera vez que ocurre, adem\u00e1s de descartar que la basura sea del plantel, ya que la que se genera por el personal y alumnos es guardada dentro del mismo.<\/p>\n\n\n\n<p>Por lo que hizo un llamada a la alcaldesa Norma Otilia Hern\u00e1ndez Mart\u00ednez, para que atienda el caso ya que es un mal ejemplo para los j\u00f3venes que reciben Educaci\u00f3n Ambiental dentro de las aulas.<\/p>\n\n\n\n<p>Hasta la fecha desconocen qui\u00e9n deja las bolsas de basura en el lugar, pero aseguran que ocurre durante la madrugada ya que el d\u00eda martes hasta que culminaron las clases la entrada de la escuela se encontraba limpia.<\/p>\n","protected":false},"excerpt":{"rendered":"<p>Jes\u00fas Dorantes Chilpancingo, Gro.- Habitantes del barrio de Tequicorral de la capital denunciaron que vecinos de la secundaria Raymundo Abarca Alarc\u00f3n utilizan el exterior como basurero provincial, d\u00f3nde colocan grandes&hellip; <\/p>\n","protected":false},"author":8,"featured_media":69091,"comment_status":"open","ping_status":"open","sticky":false,"template":"","format":"standard","meta":{"fifu_image_url":"","fifu_image_alt":"","footnotes":""},"categories":[13],"tags":[],"class_list":["post-69090","post","type-post","status-publish","format-standard","has-post-thumbnail","hentry","category-capital"],"_links":{"self":[{"href":"https:\/\/www.interaccionnoticias.com.mx\/index.php?rest_route=\/wp\/v2\/posts\/69090","targetHints":{"allow":["GET"]}}],"collection":[{"href":"https:\/\/www.interaccionnoticias.com.mx\/index.php?rest_route=\/wp\/v2\/posts"}],"about":[{"href":"https:\/\/www.interaccionnoticias.com.mx\/index.php?rest_route=\/wp\/v2\/types\/post"}],"author":[{"embeddable":true,"href":"https:\/\/www.interaccionnoticias.com.mx\/index.php?rest_route=\/wp\/v2\/users\/8"}],"replies":[{"embeddable":true,"href":"https:\/\/www.interaccionnoticias.com.mx\/index.php?rest_route=%2Fwp%2Fv2%2Fcomments&post=69090"}],"version-history":[{"count":1,"href":"https:\/\/www.interaccionnoticias.com.mx\/index.php?rest_route=\/wp\/v2\/posts\/69090\/revisions"}],"predecessor-version":[{"id":69092,"href":"https:\/\/www.interaccionnoticias.com.mx\/index.php?rest_route=\/wp\/v2\/posts\/69090\/revisions\/69092"}],"wp:featuredmedia":[{"embeddable":true,"href":"https:\/\/www.interaccionnoticias.com.mx\/index.php?rest_route=\/wp\/v2\/media\/69091"}],"wp:attachment":[{"href":"https:\/\/www.interaccionnoticias.com.mx\/index.php?rest_route=%2Fwp%2Fv2%2Fmedia&parent=69090"}],"wp:term":[{"taxonomy":"category","embeddable":true,"href":"https:\/\/www.interaccionnoticias.com.mx\/index.php?rest_route=%2Fwp%2Fv2%2Fcategories&post=69090"},{"taxonomy":"post_tag","embeddable":true,"href":"https:\/\/www.interaccionnoticias.com.mx\/index.php?rest_route=%2Fwp%2Fv2%2Ftags&post=69090"}],"curies":[{"name":"wp","href":"https:\/\/api.w.org\/{rel}","templated":true}]}}