{"id":69042,"date":"2023-10-03T19:25:43","date_gmt":"2023-10-04T00:25:43","guid":{"rendered":"https:\/\/interaccionnoticias.com.mx\/?p=69042"},"modified":"2023-10-03T19:25:45","modified_gmt":"2023-10-04T00:25:45","slug":"acuerdan-la-agenda-educativa-para-guerrero-el-titular-de-la-seg-y-la-secretaria-de-educacion-publica-federal-leticia-ramirez-amaya","status":"publish","type":"post","link":"https:\/\/www.interaccionnoticias.com.mx\/?p=69042","title":{"rendered":"Acuerdan la agenda educativa para Guerrero el titular de la SEG y la Secretaria de Educaci\u00f3n P\u00fablica Federal, Leticia Ram\u00edrez Amaya"},"content":{"rendered":"\n<p><strong><em>&#8212; Impulsa la gobernadora Evelyn Salgado la educaci\u00f3n como base fundamental para el desarrollo del pa\u00eds: Rodr\u00edguez Salda\u00f1a<\/em><\/strong><\/p>\n\n\n\n<p><strong>Ciudad de M\u00e9xico, 03 de Octubre de 2023.- <\/strong>Como parte de las acciones para mejorar el sector educativo de la entidad, el titular de la Secretar\u00eda de Educaci\u00f3n estatal Marcial Rodr\u00edguez Salda\u00f1a, sostuvo una reuni\u00f3n de trabajo con la secretaria de Educaci\u00f3n P\u00fablica del Gobierno Federal, Leticia Ram\u00edrez Amaya, donde se abordaron diferentes tem\u00e1ticas en relativo a los nuevos programas educativos para brindar una educaci\u00f3n de calidad y primer nivel.<\/p>\n\n\n\n<p>Rodr\u00edguez Salda\u00f1a, inform\u00f3 que el inter\u00e9s de la gobernadora Evelyn Salgado Pineda, es impulsar una profunda transformaci\u00f3n educativa en la entidad, por ello reconoci\u00f3 que la mandataria estatal ha sido una gestora permanente de las demandas de justicia laboral del magisterio guerrerense.<\/p>\n\n\n\n<p>Se dio a conocer que durante este encuentro en la Ciudad de M\u00e9xico se analizaron los temas de la agenda educativa en Guerrero relativos a la implementaci\u00f3n del modelo \u00abLa Nueva Escuela Mexicana\u00bb y los nuevos \u201cLibros de Texto Gratuitos\u201d entre otros.<\/p>\n\n\n\n<p>En referencia a los libros de texto gratuito, el responsable de la educaci\u00f3n en Guerrero destac\u00f3 que la entrega de los mismo se ha realizado sin contratiempos, en las ocho regiones del estado, dando as\u00ed cumplimiento al mandato federal.<\/p>\n\n\n\n<p>Recalc\u00f3 que la gobernadora Evelyn Salgado impulsa la educaci\u00f3n como base fundamental para el desarrollo del pa\u00eds, pues dijo que tan solo en Guerrero con los nuevos modelos educativos se ha disminuido la deserci\u00f3n escolar, as\u00ed como la permanencia en los centros educativos de docentes y personal administrativo, principalmente en las zonas rurales.<\/p>\n\n\n\n<figure class=\"wp-block-gallery has-nested-images columns-default is-cropped wp-block-gallery-1 is-layout-flex wp-block-gallery-is-layout-flex\">\n<figure class=\"wp-block-image size-large\"><img decoding=\"async\" src=\"data:image\/gif;base64,R0lGODlhAQABAIAAAAAAAP\/\/\/ywAAAAAAQABAAACAUwAOw==\" fifu-lazy=\"1\" fifu-data-sizes=\"auto\" fifu-data-srcset=\"https:\/\/i3.wp.com\/interaccionnoticias.com.mx\/wp-content\/uploads\/2023\/10\/231003-Marcial-Rodriguez-2-626x1024.jpg?ssl=1&w=75&resize=75&ssl=1 75w, https:\/\/i3.wp.com\/interaccionnoticias.com.mx\/wp-content\/uploads\/2023\/10\/231003-Marcial-Rodriguez-2-626x1024.jpg?ssl=1&w=100&resize=100&ssl=1 100w, https:\/\/i3.wp.com\/interaccionnoticias.com.mx\/wp-content\/uploads\/2023\/10\/231003-Marcial-Rodriguez-2-626x1024.jpg?ssl=1&w=150&resize=150&ssl=1 150w, https:\/\/i3.wp.com\/interaccionnoticias.com.mx\/wp-content\/uploads\/2023\/10\/231003-Marcial-Rodriguez-2-626x1024.jpg?ssl=1&w=240&resize=240&ssl=1 240w, https:\/\/i3.wp.com\/interaccionnoticias.com.mx\/wp-content\/uploads\/2023\/10\/231003-Marcial-Rodriguez-2-626x1024.jpg?ssl=1&w=320&resize=320&ssl=1 320w, https:\/\/i3.wp.com\/interaccionnoticias.com.mx\/wp-content\/uploads\/2023\/10\/231003-Marcial-Rodriguez-2-626x1024.jpg?ssl=1&w=500&resize=500&ssl=1 500w, https:\/\/i3.wp.com\/interaccionnoticias.com.mx\/wp-content\/uploads\/2023\/10\/231003-Marcial-Rodriguez-2-626x1024.jpg?ssl=1&w=640&resize=640&ssl=1 640w, https:\/\/i3.wp.com\/interaccionnoticias.com.mx\/wp-content\/uploads\/2023\/10\/231003-Marcial-Rodriguez-2-626x1024.jpg?ssl=1&w=800&resize=800&ssl=1 800w, https:\/\/i3.wp.com\/interaccionnoticias.com.mx\/wp-content\/uploads\/2023\/10\/231003-Marcial-Rodriguez-2-626x1024.jpg?ssl=1&w=1024&resize=1024&ssl=1 1024w, https:\/\/i3.wp.com\/interaccionnoticias.com.mx\/wp-content\/uploads\/2023\/10\/231003-Marcial-Rodriguez-2-626x1024.jpg?ssl=1&w=1280&resize=1280&ssl=1 1280w, https:\/\/i3.wp.com\/interaccionnoticias.com.mx\/wp-content\/uploads\/2023\/10\/231003-Marcial-Rodriguez-2-626x1024.jpg?ssl=1&w=1600&resize=1600&ssl=1 1600w\" data-id=\"69044\" fifu-data-src=\"https:\/\/i3.wp.com\/interaccionnoticias.com.mx\/wp-content\/uploads\/2023\/10\/231003-Marcial-Rodriguez-2-626x1024.jpg?ssl=1\" alt=\"\" class=\"wp-image-69044\"\/><\/figure>\n<\/figure>\n","protected":false},"excerpt":{"rendered":"<p>&#8212; Impulsa la gobernadora Evelyn Salgado la educaci\u00f3n como base fundamental para el desarrollo del pa\u00eds: Rodr\u00edguez Salda\u00f1a Ciudad de M\u00e9xico, 03 de Octubre de 2023.- Como parte de las&hellip; <\/p>\n","protected":false},"author":19,"featured_media":69043,"comment_status":"open","ping_status":"open","sticky":false,"template":"","format":"standard","meta":{"fifu_image_url":"","fifu_image_alt":"","footnotes":""},"categories":[6],"tags":[],"class_list":["post-69042","post","type-post","status-publish","format-standard","has-post-thumbnail","hentry","category-educacion"],"_links":{"self":[{"href":"https:\/\/www.interaccionnoticias.com.mx\/index.php?rest_route=\/wp\/v2\/posts\/69042","targetHints":{"allow":["GET"]}}],"collection":[{"href":"https:\/\/www.interaccionnoticias.com.mx\/index.php?rest_route=\/wp\/v2\/posts"}],"about":[{"href":"https:\/\/www.interaccionnoticias.com.mx\/index.php?rest_route=\/wp\/v2\/types\/post"}],"author":[{"embeddable":true,"href":"https:\/\/www.interaccionnoticias.com.mx\/index.php?rest_route=\/wp\/v2\/users\/19"}],"replies":[{"embeddable":true,"href":"https:\/\/www.interaccionnoticias.com.mx\/index.php?rest_route=%2Fwp%2Fv2%2Fcomments&post=69042"}],"version-history":[{"count":1,"href":"https:\/\/www.interaccionnoticias.com.mx\/index.php?rest_route=\/wp\/v2\/posts\/69042\/revisions"}],"predecessor-version":[{"id":69045,"href":"https:\/\/www.interaccionnoticias.com.mx\/index.php?rest_route=\/wp\/v2\/posts\/69042\/revisions\/69045"}],"wp:featuredmedia":[{"embeddable":true,"href":"https:\/\/www.interaccionnoticias.com.mx\/index.php?rest_route=\/wp\/v2\/media\/69043"}],"wp:attachment":[{"href":"https:\/\/www.interaccionnoticias.com.mx\/index.php?rest_route=%2Fwp%2Fv2%2Fmedia&parent=69042"}],"wp:term":[{"taxonomy":"category","embeddable":true,"href":"https:\/\/www.interaccionnoticias.com.mx\/index.php?rest_route=%2Fwp%2Fv2%2Fcategories&post=69042"},{"taxonomy":"post_tag","embeddable":true,"href":"https:\/\/www.interaccionnoticias.com.mx\/index.php?rest_route=%2Fwp%2Fv2%2Ftags&post=69042"}],"curies":[{"name":"wp","href":"https:\/\/api.w.org\/{rel}","templated":true}]}}