{"id":69034,"date":"2023-10-03T18:54:28","date_gmt":"2023-10-03T23:54:28","guid":{"rendered":"https:\/\/interaccionnoticias.com.mx\/?p=69034"},"modified":"2023-10-03T18:54:31","modified_gmt":"2023-10-03T23:54:31","slug":"llama-patricia-doroteo-a-tres-niveles-de-gobierno-a-invertir-en-proteccion-civil","status":"publish","type":"post","link":"https:\/\/www.interaccionnoticias.com.mx\/?p=69034","title":{"rendered":"Llama Patricia Doroteo a tres niveles de gobierno a invertir en Protecci\u00f3n Civil"},"content":{"rendered":"\n<p><strong>Chilpancingo, Guerrero, 3 de octubre de 2023.-<\/strong> Al intervenir en tribuna en la sesi\u00f3n de este jueves, la diputada perredista Patricia Doroteo Calder\u00f3n convoc\u00f3 a los tres niveles de gobierno, a invertir en materia de protecci\u00f3n civil. Esto, dijo la legisladora, \u201cno se debe ver como un gasto, sino como una inversi\u00f3n a la prevenci\u00f3n, la cual constituye un derecho que garantiza la vida y el patrimonio de las y los mexicanos\u201d.<\/p>\n\n\n\n<p>Doroteo Calder\u00f3n advirti\u00f3 sobre las condiciones precarias en que realizan la tarea de Protecci\u00f3n Civil en muchos municipios de la entidad, \u201cincluso a lo largo del a\u00f1o los trabajadores del gobierno estatal en esta \u00e1rea, realizaron paros laborales y manifestaciones para demandar atenci\u00f3n a sus carencias\u201d, record\u00f3.<\/p>\n\n\n\n<p>Resalt\u00f3 que la inversi\u00f3n en Protecci\u00f3n Civil tiene un impacto econ\u00f3mico positivo, y \u201csi bien puede parecer un gasto considerable, los beneficios a largo plazo superan con creces los costos\u201d.<\/p>\n\n\n\n<p>En ese sentido, explica: \u201cla reducci\u00f3n de p\u00e9rdidas humanas y materiales en desastres naturales disminuye la carga financiera en t\u00e9rminos de reconstrucci\u00f3n y ayuda humanitaria. Adem\u00e1s, una infraestructura s\u00f3lida y preparada atrae inversiones y fomenta el desarrollo sostenible del estado\u201d.<\/p>\n\n\n\n<p>La presidenta de la Comisi\u00f3n de Protecci\u00f3n Civil a\u00f1adi\u00f3 que invertir en Protecci\u00f3n Civil no s\u00f3lo se traduce en la adquisici\u00f3n de equipos y la construcci\u00f3n de infraestructuras, \u201csino tambi\u00e9n en la capacitaci\u00f3n de personal especializado. Los equipos de rescate, los param\u00e9dicos y otros profesionales de la Protecci\u00f3n Civil deben estar preparados para actuar de manera r\u00e1pida y efectiva en situaciones de emergencia. Esto requiere una inversi\u00f3n continua en capacitaci\u00f3n y actualizaci\u00f3n de conocimientos, as\u00ed como la incorporaci\u00f3n de tecnolog\u00edas de vanguardia\u201d, dijo.<\/p>\n\n\n\n<p>Por \u00faltimo, se\u00f1al\u00f3 como un aspecto fundamental la concienciaci\u00f3n p\u00fablica, al respecto, expreso: \u201cla inversi\u00f3n en campa\u00f1as educativas y de sensibilizaci\u00f3n sobre la importancia de la preparaci\u00f3n ante desastres puede salvar vidas. La poblaci\u00f3n debe conocer c\u00f3mo actuar en caso de una emergencia, c\u00f3mo reunirse con su familia, qu\u00e9 elementos de supervivencia deben tener en su hogar y c\u00f3mo acceder a informaci\u00f3n confiable durante un evento catastr\u00f3fico\u201d.<\/p>\n","protected":false},"excerpt":{"rendered":"<p>Chilpancingo, Guerrero, 3 de octubre de 2023.- Al intervenir en tribuna en la sesi\u00f3n de este jueves, la diputada perredista Patricia Doroteo Calder\u00f3n convoc\u00f3 a los tres niveles de gobierno,&hellip; <\/p>\n","protected":false},"author":19,"featured_media":69035,"comment_status":"open","ping_status":"open","sticky":false,"template":"","format":"standard","meta":{"fifu_image_url":"","fifu_image_alt":"","footnotes":""},"categories":[2],"tags":[],"class_list":["post-69034","post","type-post","status-publish","format-standard","has-post-thumbnail","hentry","category-congreso"],"_links":{"self":[{"href":"https:\/\/www.interaccionnoticias.com.mx\/index.php?rest_route=\/wp\/v2\/posts\/69034","targetHints":{"allow":["GET"]}}],"collection":[{"href":"https:\/\/www.interaccionnoticias.com.mx\/index.php?rest_route=\/wp\/v2\/posts"}],"about":[{"href":"https:\/\/www.interaccionnoticias.com.mx\/index.php?rest_route=\/wp\/v2\/types\/post"}],"author":[{"embeddable":true,"href":"https:\/\/www.interaccionnoticias.com.mx\/index.php?rest_route=\/wp\/v2\/users\/19"}],"replies":[{"embeddable":true,"href":"https:\/\/www.interaccionnoticias.com.mx\/index.php?rest_route=%2Fwp%2Fv2%2Fcomments&post=69034"}],"version-history":[{"count":1,"href":"https:\/\/www.interaccionnoticias.com.mx\/index.php?rest_route=\/wp\/v2\/posts\/69034\/revisions"}],"predecessor-version":[{"id":69036,"href":"https:\/\/www.interaccionnoticias.com.mx\/index.php?rest_route=\/wp\/v2\/posts\/69034\/revisions\/69036"}],"wp:featuredmedia":[{"embeddable":true,"href":"https:\/\/www.interaccionnoticias.com.mx\/index.php?rest_route=\/wp\/v2\/media\/69035"}],"wp:attachment":[{"href":"https:\/\/www.interaccionnoticias.com.mx\/index.php?rest_route=%2Fwp%2Fv2%2Fmedia&parent=69034"}],"wp:term":[{"taxonomy":"category","embeddable":true,"href":"https:\/\/www.interaccionnoticias.com.mx\/index.php?rest_route=%2Fwp%2Fv2%2Fcategories&post=69034"},{"taxonomy":"post_tag","embeddable":true,"href":"https:\/\/www.interaccionnoticias.com.mx\/index.php?rest_route=%2Fwp%2Fv2%2Ftags&post=69034"}],"curies":[{"name":"wp","href":"https:\/\/api.w.org\/{rel}","templated":true}]}}