{"id":6903,"date":"2017-08-01T18:56:33","date_gmt":"2017-08-01T23:56:33","guid":{"rendered":"http:\/\/www.inter-accion.com.mx\/?p=6903"},"modified":"2017-08-01T18:56:33","modified_gmt":"2017-08-01T23:56:33","slug":"reconoce-el-alcalde-de-chilpancingo-que-repuntaron-los-asaltos-en-el-primer-cuadro-de-la-ciudad","status":"publish","type":"post","link":"https:\/\/www.interaccionnoticias.com.mx\/?p=6903","title":{"rendered":"Reconoce el alcalde de Chilpancingo que repuntaron los asaltos en el primer cuadro de la ciudad"},"content":{"rendered":"<p><strong>Se han detenido carteristas, pero las v\u00edctimas no denuncian<\/strong><br \/>\nEl alcalde Marco Antonio Leyva Mena reconoci\u00f3 que los asaltos a transe\u00fantes en el primer cuadro de la ciudad repuntaron de manera importante, aunque sostiene que ya se adoptaron medidas para revertir la tendencia.<br \/>\nEn la conferencia de los martes, el jefe de cabildo sostuvo que no es un gobernante que trate de ocultar la realidad respecto a los problemas, por el contrario, indic\u00f3 que generalmente trata de tener a la mano un buen diagn\u00f3stico sobre la realidad de las cosas, para en su momento asumir decisiones correctas.<br \/>\n\u201cS\u00ed, hay un repunte de ese asunto en el primer cuadro de la ciudad y creo que debemos duplicar los operativos\u201d, asever\u00f3 Leyva Mena.<br \/>\nExplic\u00f3 que la semana pasada iniciaron recorridos por parte de la Polic\u00eda Preventiva Municipal en la parte central de la ciudad, pero tambi\u00e9n en puntos de la periferia que son estrat\u00e9gicos.<br \/>\nPor ejemplo, explic\u00f3 que el lunes se realiz\u00f3 un operativo en Jardines de Zinnia, asentamiento humano de reciente creaci\u00f3n en la parte alta del sector oriente de la ciudad, adem\u00e1s de las inmediaciones de la colonia Bur\u00f3cratas.<br \/>\nEsteban Espinosa Peza, secretario de Seguridad P\u00fablica en el municipio, dijo a los medios que ya se reforzaron los trabajos de vigilancia en el primer cuadro, por esa raz\u00f3n es que se intensificaron los recorridos de personal en motocicleta.<br \/>\nEl jefe de la polic\u00eda coment\u00f3 que incluso, recientemente se logr\u00f3 la detenci\u00f3n de varias carteristas, pero estas han recuperado su libertad a partir de que las personas afectadas se niegan a denunciar los robos.<br \/>\nEspinosa Peza coment\u00f3 que los polic\u00edas bajo su mando se han ido a presentar con los comerciantes del primer cuadro, para efecto de que los ubiquen y tengan la confianza de reportar cualquier movimiento sospechoso.<\/p>\n","protected":false},"excerpt":{"rendered":"<p>Se han detenido carteristas, pero las v\u00edctimas no denuncian El alcalde Marco Antonio Leyva Mena reconoci\u00f3 que los asaltos a transe\u00fantes en el primer cuadro de la ciudad repuntaron de&hellip; <\/p>\n","protected":false},"author":1,"featured_media":0,"comment_status":"closed","ping_status":"closed","sticky":false,"template":"","format":"standard","meta":{"fifu_image_url":"","fifu_image_alt":"","footnotes":""},"categories":[13,8],"tags":[],"class_list":["post-6903","post","type-post","status-publish","format-standard","hentry","category-capital","category-featured"],"_links":{"self":[{"href":"https:\/\/www.interaccionnoticias.com.mx\/index.php?rest_route=\/wp\/v2\/posts\/6903","targetHints":{"allow":["GET"]}}],"collection":[{"href":"https:\/\/www.interaccionnoticias.com.mx\/index.php?rest_route=\/wp\/v2\/posts"}],"about":[{"href":"https:\/\/www.interaccionnoticias.com.mx\/index.php?rest_route=\/wp\/v2\/types\/post"}],"author":[{"embeddable":true,"href":"https:\/\/www.interaccionnoticias.com.mx\/index.php?rest_route=\/wp\/v2\/users\/1"}],"replies":[{"embeddable":true,"href":"https:\/\/www.interaccionnoticias.com.mx\/index.php?rest_route=%2Fwp%2Fv2%2Fcomments&post=6903"}],"version-history":[{"count":0,"href":"https:\/\/www.interaccionnoticias.com.mx\/index.php?rest_route=\/wp\/v2\/posts\/6903\/revisions"}],"wp:attachment":[{"href":"https:\/\/www.interaccionnoticias.com.mx\/index.php?rest_route=%2Fwp%2Fv2%2Fmedia&parent=6903"}],"wp:term":[{"taxonomy":"category","embeddable":true,"href":"https:\/\/www.interaccionnoticias.com.mx\/index.php?rest_route=%2Fwp%2Fv2%2Fcategories&post=6903"},{"taxonomy":"post_tag","embeddable":true,"href":"https:\/\/www.interaccionnoticias.com.mx\/index.php?rest_route=%2Fwp%2Fv2%2Ftags&post=6903"}],"curies":[{"name":"wp","href":"https:\/\/api.w.org\/{rel}","templated":true}]}}