{"id":69003,"date":"2023-10-02T21:46:22","date_gmt":"2023-10-03T02:46:22","guid":{"rendered":"https:\/\/interaccionnoticias.com.mx\/?p=69003"},"modified":"2023-10-02T21:46:24","modified_gmt":"2023-10-03T02:46:24","slug":"a-pesar-de-que-no-esta-concluida-la-reconstruccion-de-la-feria-de-chilpancingo-si-habra-festividad","status":"publish","type":"post","link":"https:\/\/www.interaccionnoticias.com.mx\/?p=69003","title":{"rendered":"A pesar de que no est\u00e1 concluida la reconstrucci\u00f3n de la Feria de Chilpancingo, s\u00ed habr\u00e1 festividad"},"content":{"rendered":"\n<p><strong><em>&#8212; Se reforzar\u00e1 la seguridad en la 198 edici\u00f3n de la Feria de Chilpancingo<\/em><\/strong><\/p>\n\n\n\n<p><strong>Rosario Garc\u00eda Orozco<\/strong><\/p>\n\n\n\n<p><strong>Chilpancingo, Gro., 2 de octubre del 2023.-<\/strong> A 3 meses de que se lleve a cabo y a pesar de que a\u00fan no se concluyen los trabajos de rehabilitaci\u00f3n de la Feria de San Mateo Navidad y A\u00f1o Nuevo, la presidenta municipal de Chilpancingo, Norma Otilia Hern\u00e1ndez Mart\u00ednez inform\u00f3 que s\u00ed se realizar\u00e1 la edici\u00f3n 198 de esa festividad.<\/p>\n\n\n\n<p>\u00abVa a haber feria porque es el lugar de encuentro de los chilpancingue\u00f1os y de los y las guerrerenses, y todos estamos esperando que llegue para recibir a nuestros paisanos y nuestras paisanas\u00bb, confirm\u00f3 la alcaldesa capitalina.<\/p>\n\n\n\n<p>Reconoci\u00f3 que \u00abhay grupos de comerciantes que est\u00e1n inquietos porque no saben como se van a organizar en esta edici\u00f3n de la feria, pero yo creo que en el tema toral de la feria, s\u00ed va a estar concluido. Habr\u00e1 algunos detalles, pero ya nos dijeron que en octubre duplican el trabajo para que est\u00e9 listo el Teatro del Pueblo, la Plaza de Toros, los bares, restaurantes y los lugares donde va a ser la venta de productos, es posible que no est\u00e9n terminados los pisos\u00bb.<\/p>\n\n\n\n<p>Hern\u00e1ndez Mart\u00ednez inform\u00f3 que se reforzar\u00e1 la seguridad de la 198 edici\u00f3n de la Feria de Chilpancingo, San Mateo, Navidad y A\u00f1o Nuevo, con la finalidad de que se registre saldo blanco como sucedi\u00f3 en las ediciones 196 y 197. \u00abSe reforzar\u00e1 la seguridad para mantener como resultado un saldo blanco en la feria de Chilpancingo\u00bb.<\/p>\n\n\n\n<p>La municipe tom\u00f3 protesta a quienes integran el nuevo patronato de dicha festividad, que ser\u00e1 presidido por Antonio Memije Alarc\u00f3n, quien tambi\u00e9n es presidente del Barrio de San Francisco, la Secretaria de ese patronato ser\u00e1 Judith Montero Serrano, la tesorera, Carmen L\u00f3pez Florentino, la Coordinadora del Certamen Flor de Nochebuena ser\u00e1 Carla Silvia Rodr\u00edguez Ram\u00edrez y de nueva cuenta la coordinaci\u00f3n del concurso Flor de Nochebuena Infantil, recae en Mauren Nava Araujo.<\/p>\n\n\n\n<p>Record\u00f3 que, para la realizaci\u00f3n del festejo del a\u00f1o anterior se reuni\u00f3 con el secretario de Marina, Jos\u00e9 Rafael Ojeda Duran, a quien le solicit\u00f3 de manera personal que personas de las fuerzas castrenses resguardaran el recinto ferial.<\/p>\n\n\n\n<p>Norma Otilia, dijo que por primera vez las corporaciones de Ej\u00e9rcito Mexicano y de la Marina instalaron \u00abbases al interior&#8217; para brindar seguridad durante el periodo de la festividad capitalina.<\/p>\n","protected":false},"excerpt":{"rendered":"<p>&#8212; Se reforzar\u00e1 la seguridad en la 198 edici\u00f3n de la Feria de Chilpancingo Rosario Garc\u00eda Orozco Chilpancingo, Gro., 2 de octubre del 2023.- A 3 meses de que se&hellip; <\/p>\n","protected":false},"author":14,"featured_media":69004,"comment_status":"open","ping_status":"open","sticky":false,"template":"","format":"standard","meta":{"fifu_image_url":"","fifu_image_alt":"","footnotes":""},"categories":[13],"tags":[],"class_list":["post-69003","post","type-post","status-publish","format-standard","has-post-thumbnail","hentry","category-capital"],"_links":{"self":[{"href":"https:\/\/www.interaccionnoticias.com.mx\/index.php?rest_route=\/wp\/v2\/posts\/69003","targetHints":{"allow":["GET"]}}],"collection":[{"href":"https:\/\/www.interaccionnoticias.com.mx\/index.php?rest_route=\/wp\/v2\/posts"}],"about":[{"href":"https:\/\/www.interaccionnoticias.com.mx\/index.php?rest_route=\/wp\/v2\/types\/post"}],"author":[{"embeddable":true,"href":"https:\/\/www.interaccionnoticias.com.mx\/index.php?rest_route=\/wp\/v2\/users\/14"}],"replies":[{"embeddable":true,"href":"https:\/\/www.interaccionnoticias.com.mx\/index.php?rest_route=%2Fwp%2Fv2%2Fcomments&post=69003"}],"version-history":[{"count":1,"href":"https:\/\/www.interaccionnoticias.com.mx\/index.php?rest_route=\/wp\/v2\/posts\/69003\/revisions"}],"predecessor-version":[{"id":69005,"href":"https:\/\/www.interaccionnoticias.com.mx\/index.php?rest_route=\/wp\/v2\/posts\/69003\/revisions\/69005"}],"wp:featuredmedia":[{"embeddable":true,"href":"https:\/\/www.interaccionnoticias.com.mx\/index.php?rest_route=\/wp\/v2\/media\/69004"}],"wp:attachment":[{"href":"https:\/\/www.interaccionnoticias.com.mx\/index.php?rest_route=%2Fwp%2Fv2%2Fmedia&parent=69003"}],"wp:term":[{"taxonomy":"category","embeddable":true,"href":"https:\/\/www.interaccionnoticias.com.mx\/index.php?rest_route=%2Fwp%2Fv2%2Fcategories&post=69003"},{"taxonomy":"post_tag","embeddable":true,"href":"https:\/\/www.interaccionnoticias.com.mx\/index.php?rest_route=%2Fwp%2Fv2%2Ftags&post=69003"}],"curies":[{"name":"wp","href":"https:\/\/api.w.org\/{rel}","templated":true}]}}