{"id":6899,"date":"2017-08-01T14:21:44","date_gmt":"2017-08-01T19:21:44","guid":{"rendered":"http:\/\/www.inter-accion.com.mx\/?p=6899"},"modified":"2017-08-01T14:21:44","modified_gmt":"2017-08-01T19:21:44","slug":"6899","status":"publish","type":"post","link":"https:\/\/www.interaccionnoticias.com.mx\/?p=6899","title":{"rendered":"Descarta gobernador de Guerrero salida de las fuerzas federales"},"content":{"rendered":"<p><strong>Chilpancingo, Gro.-<\/strong> En rueda de prensa en el municipio de Chilpancingo este martes el gobernador del estado de Guerrero descart\u00f3 de manera definitiva la solicitud de los pobladores de Chichihualco de retirar a la Polic\u00eda Federal de la zona, asegurando que su presencia en el estado solo ha tra\u00eddo beneficios.<br \/>\nH\u00e9ctor Astudillo Flores asegur\u00f3 que las protestas de la comunidad de Chichihualco del municipio de Leonardo Bravo no son en un 100% de pobladores, y que podr\u00eda existir gente infiltrada de organizaciones delictivas de aquella zona.<br \/>\nDetall\u00f3 que la presencia de los federales y los operativos implementados son parte de una investigaci\u00f3n por el enfrentamiento que tuvo lugar la semana pasada donde perdi\u00f3 la vida un Polic\u00eda Federal y dos m\u00e1s resultaron heridos, motivo por el cu\u00e1l aun se busca a los responsables.<br \/>\nPor \u00faltimo confirm\u00f3 que el gobierno de Guerrero seguir\u00e1 aportando todas las facilidades necesarias para resolver el caso en conjunto con las fuerzas federales.<\/p>\n","protected":false},"excerpt":{"rendered":"<p>Chilpancingo, Gro.- En rueda de prensa en el municipio de Chilpancingo este martes el gobernador del estado de Guerrero descart\u00f3 de manera definitiva la solicitud de los pobladores de Chichihualco&hellip; <\/p>\n","protected":false},"author":1,"featured_media":0,"comment_status":"closed","ping_status":"closed","sticky":false,"template":"","format":"standard","meta":{"fifu_image_url":"","fifu_image_alt":"","footnotes":""},"categories":[8,11],"tags":[],"class_list":["post-6899","post","type-post","status-publish","format-standard","hentry","category-featured","category-guerrero"],"_links":{"self":[{"href":"https:\/\/www.interaccionnoticias.com.mx\/index.php?rest_route=\/wp\/v2\/posts\/6899","targetHints":{"allow":["GET"]}}],"collection":[{"href":"https:\/\/www.interaccionnoticias.com.mx\/index.php?rest_route=\/wp\/v2\/posts"}],"about":[{"href":"https:\/\/www.interaccionnoticias.com.mx\/index.php?rest_route=\/wp\/v2\/types\/post"}],"author":[{"embeddable":true,"href":"https:\/\/www.interaccionnoticias.com.mx\/index.php?rest_route=\/wp\/v2\/users\/1"}],"replies":[{"embeddable":true,"href":"https:\/\/www.interaccionnoticias.com.mx\/index.php?rest_route=%2Fwp%2Fv2%2Fcomments&post=6899"}],"version-history":[{"count":0,"href":"https:\/\/www.interaccionnoticias.com.mx\/index.php?rest_route=\/wp\/v2\/posts\/6899\/revisions"}],"wp:attachment":[{"href":"https:\/\/www.interaccionnoticias.com.mx\/index.php?rest_route=%2Fwp%2Fv2%2Fmedia&parent=6899"}],"wp:term":[{"taxonomy":"category","embeddable":true,"href":"https:\/\/www.interaccionnoticias.com.mx\/index.php?rest_route=%2Fwp%2Fv2%2Fcategories&post=6899"},{"taxonomy":"post_tag","embeddable":true,"href":"https:\/\/www.interaccionnoticias.com.mx\/index.php?rest_route=%2Fwp%2Fv2%2Ftags&post=6899"}],"curies":[{"name":"wp","href":"https:\/\/api.w.org\/{rel}","templated":true}]}}