{"id":6896,"date":"2017-07-31T22:52:09","date_gmt":"2017-08-01T03:52:09","guid":{"rendered":"http:\/\/www.inter-accion.com.mx\/?p=6896"},"modified":"2017-07-31T22:52:09","modified_gmt":"2017-08-01T03:52:09","slug":"protestan-en-chichihualco-contra-la-policia-federal","status":"publish","type":"post","link":"https:\/\/www.interaccionnoticias.com.mx\/?p=6896","title":{"rendered":"Protestan en Chichihualco contra la Polic\u00eda Federal"},"content":{"rendered":"<p>La noche del lunes, habitantes de Chichihualco,cabecera municipal de Leonardo Bravo marcharon para exigir la salida total de la Polic\u00eda Federal (PF), corporaci\u00f3n a la que acusan de cometer abusos en contra de mujeres, adultos mayores y ni\u00f1os.<br \/>\nLa tarde del 31 de julio, los pobladores se comunicaron con medios de comunicaci\u00f3n de la capital de Guerrero para anunciar que realizar\u00edan una actuvidad fuerte en Chichihualco.<br \/>\nLa primera fase de la manifestaci\u00f3n se observ\u00f3 hasta despu\u00e9s de las 20:00 horas, cuando decenas de hombres y mujeres mostraron pancartas en las que mostraron su rechazo ante la presencia de la PF.<br \/>\nDijeron que despu\u00e9s del enfrentamiento del 25 de julio, cuando un agente muri\u00f3 y dos m\u00e1s resultaron heridos de bala, la federal realiz\u00f3 una serie de operativos que generaron malestar social.<br \/>\nRelataron que hubo irrupciones en domicilios en los que sorprendieron a mujeres ba\u00f1\u00e1ndose, a varios adultos mayores los humillaron y tambi\u00e9n asustaron a los ni\u00f1os.<br \/>\nPor eso justificaron el bloqueo del domingo, cuando fueron desalojados del acceso principal con polic\u00edas antimotines y un helic\u00f3ptero.<br \/>\nDurante la noche del lunes, los pobladores lanzaron gritos a favor de la operaci\u00f3n en el lugar de la Polic\u00eda Comunitaria (PC), aunque no hubo menciones hacia alg\u00fan grupo en espec\u00edfico.<br \/>\nLa manifestaci\u00f3n lleg\u00f3 hasta la casa del presidente municipal, Alfredo Alarc\u00f3n Rodr\u00edguez, a quien le reprocharon la escasa solidaridad mostrada durante los momentos de mayor tensi\u00f3n.<br \/>\nAcorralado, el jefe de cabildo explic\u00f3 a sus paisanos que durante todo el d\u00eda estuvo reunido con el gobernador H\u00e9ctor Astudillo Flores y mandos de la PF, a los que mostr\u00f3 una larga relator\u00eda de agravios.<br \/>\nAnte la incredulidad de los manifestantes, que amagaban con retener al presidente, este marc\u00f3 el n\u00famero telef\u00f3nico del gobernador Astudillo Flores pero no alcanz\u00f3 a explicarle la situaci\u00f3n que enfrentaba, la llamada se cort\u00f3 y nunca m\u00e1s pudo restablecerla.<br \/>\nAlarc\u00f3n Rodr\u00edguez contact\u00f3 al secretario particular del gobernador, C\u00e9sar Armenta, quien lo remiti\u00f3 con el comisario de la PF en el estado, el cual no le tom\u00f3 la llamada.<br \/>\nConsider\u00f3 la posibilidad de contactarse con el secretario general de Gobierno, Florencio Salazar Adame pero no ten\u00eda el n\u00famero en sus contactos, en un gesto de desesperaci\u00f3n le pidi\u00f3 el dato a los reporteros, pero nadie le facilit\u00f3 el n\u00famero de contacto.<br \/>\nAl final ofreci\u00f3 ir personalmente hasta el punto conocido como Atlixtac, en donde est\u00e1 apostado personal de la PF para solicitarles que se retiren, lo que fue aceptado por sus gobernados.<\/p>\n","protected":false},"excerpt":{"rendered":"<p>La noche del lunes, habitantes de Chichihualco,cabecera municipal de Leonardo Bravo marcharon para exigir la salida total de la Polic\u00eda Federal (PF), corporaci\u00f3n a la que acusan de cometer abusos&hellip; <\/p>\n","protected":false},"author":1,"featured_media":0,"comment_status":"closed","ping_status":"closed","sticky":false,"template":"","format":"standard","meta":{"fifu_image_url":"","fifu_image_alt":"","footnotes":""},"categories":[8,23],"tags":[],"class_list":["post-6896","post","type-post","status-publish","format-standard","hentry","category-featured","category-regionales"],"_links":{"self":[{"href":"https:\/\/www.interaccionnoticias.com.mx\/index.php?rest_route=\/wp\/v2\/posts\/6896","targetHints":{"allow":["GET"]}}],"collection":[{"href":"https:\/\/www.interaccionnoticias.com.mx\/index.php?rest_route=\/wp\/v2\/posts"}],"about":[{"href":"https:\/\/www.interaccionnoticias.com.mx\/index.php?rest_route=\/wp\/v2\/types\/post"}],"author":[{"embeddable":true,"href":"https:\/\/www.interaccionnoticias.com.mx\/index.php?rest_route=\/wp\/v2\/users\/1"}],"replies":[{"embeddable":true,"href":"https:\/\/www.interaccionnoticias.com.mx\/index.php?rest_route=%2Fwp%2Fv2%2Fcomments&post=6896"}],"version-history":[{"count":0,"href":"https:\/\/www.interaccionnoticias.com.mx\/index.php?rest_route=\/wp\/v2\/posts\/6896\/revisions"}],"wp:attachment":[{"href":"https:\/\/www.interaccionnoticias.com.mx\/index.php?rest_route=%2Fwp%2Fv2%2Fmedia&parent=6896"}],"wp:term":[{"taxonomy":"category","embeddable":true,"href":"https:\/\/www.interaccionnoticias.com.mx\/index.php?rest_route=%2Fwp%2Fv2%2Fcategories&post=6896"},{"taxonomy":"post_tag","embeddable":true,"href":"https:\/\/www.interaccionnoticias.com.mx\/index.php?rest_route=%2Fwp%2Fv2%2Ftags&post=6896"}],"curies":[{"name":"wp","href":"https:\/\/api.w.org\/{rel}","templated":true}]}}