{"id":6885,"date":"2017-07-31T18:27:10","date_gmt":"2017-07-31T23:27:10","guid":{"rendered":"http:\/\/www.inter-accion.com.mx\/?p=6885"},"modified":"2017-07-31T18:27:10","modified_gmt":"2017-07-31T23:27:10","slug":"acuerda-pan-y-prd-primer-acercamiento-rumbo-al-2018","status":"publish","type":"post","link":"https:\/\/www.interaccionnoticias.com.mx\/?p=6885","title":{"rendered":"Acuerda PAN y PRD primer acercamiento rumbo al 2018"},"content":{"rendered":"<p>El pr\u00f3ximo mi\u00e9rcoles, la dirigencia del Partido de la Revoluci\u00f3n Democr\u00e1tica (PRD) y Partido Acci\u00f3n Nacional (PAN) sostendr\u00e1n un primer acercamiento ante la posible integraci\u00f3n de ambos al denominado Frente Amplio Democr\u00e1tico (FAD), asegur\u00f3 el panista Marco Antonio Maganda Villalva.<br \/>\nEste lunes, integrantes del Comit\u00e9 Directivo Estatal del PAN dieron a conocer la conformaci\u00f3n de una comisi\u00f3n de alianzas, que ser\u00e1 presidida por el ex dirigente y diputado panista Francisco Javier Rodr\u00edguez Otero.<br \/>\n\u201cTodos los que integramos esta comiso, venimos a trabajar por el bien de partido y tambi\u00e9n buscar que se lleve a cabo este frente amplio, no vamos a cobrar un solo peso de sueldo, y tampoco vamos a tener vi\u00e1ticos o vamos a tener alg\u00fan tipo de ingreso por parte del partido\u201d, precis\u00f3.<br \/>\nLas funciones de la comisi\u00f3n, ser\u00e1 de trabajar con sus similares de otros partidos pol\u00edticos, las propuestas de convenios para coaliciones o candidaturas comunes, para posteriormente ser llevadas ante el consejo estatal.<br \/>\nRodr\u00edguez Otero, puntualiz\u00f3 que la delegaci\u00f3n que fue aprobada por el comit\u00e9 estatal el pasado 22 de julio, tambi\u00e9n tendr\u00e1 la facultad de proponer los municipios o distritos electorales donde el PAN podr\u00e1 ir a las urnas con otra fuerza pol\u00edtica.<br \/>\nEl presidente estatal del partido blanquiazul, reiter\u00f3 que los \u00fanicos partidos que no podr\u00e1n integrarse al FAD, son el Partido Revolucionario Institucional (PRI) y Movimiento Regeneraci\u00f3n Nacional (MORENA).<br \/>\nHace una semana, el secretario general del PAN Eloy Salmer\u00f3n D\u00edaz exhort\u00f3 al actual l\u00edder perredista Celestino Ces\u00e1reo Guzm\u00e1n, para efecto de concretar las posturas de ambas dirigencias nacionales, en el sentido de concretar un frente opositor rumbo a las elecciones del pr\u00f3ximo a\u00f1o.<\/p>\n","protected":false},"excerpt":{"rendered":"<p>El pr\u00f3ximo mi\u00e9rcoles, la dirigencia del Partido de la Revoluci\u00f3n Democr\u00e1tica (PRD) y Partido Acci\u00f3n Nacional (PAN) sostendr\u00e1n un primer acercamiento ante la posible integraci\u00f3n de ambos al denominado Frente&hellip; <\/p>\n","protected":false},"author":1,"featured_media":0,"comment_status":"closed","ping_status":"closed","sticky":false,"template":"","format":"standard","meta":{"fifu_image_url":"","fifu_image_alt":"","footnotes":""},"categories":[8,18],"tags":[],"class_list":["post-6885","post","type-post","status-publish","format-standard","hentry","category-featured","category-partidos-politicos"],"_links":{"self":[{"href":"https:\/\/www.interaccionnoticias.com.mx\/index.php?rest_route=\/wp\/v2\/posts\/6885","targetHints":{"allow":["GET"]}}],"collection":[{"href":"https:\/\/www.interaccionnoticias.com.mx\/index.php?rest_route=\/wp\/v2\/posts"}],"about":[{"href":"https:\/\/www.interaccionnoticias.com.mx\/index.php?rest_route=\/wp\/v2\/types\/post"}],"author":[{"embeddable":true,"href":"https:\/\/www.interaccionnoticias.com.mx\/index.php?rest_route=\/wp\/v2\/users\/1"}],"replies":[{"embeddable":true,"href":"https:\/\/www.interaccionnoticias.com.mx\/index.php?rest_route=%2Fwp%2Fv2%2Fcomments&post=6885"}],"version-history":[{"count":0,"href":"https:\/\/www.interaccionnoticias.com.mx\/index.php?rest_route=\/wp\/v2\/posts\/6885\/revisions"}],"wp:attachment":[{"href":"https:\/\/www.interaccionnoticias.com.mx\/index.php?rest_route=%2Fwp%2Fv2%2Fmedia&parent=6885"}],"wp:term":[{"taxonomy":"category","embeddable":true,"href":"https:\/\/www.interaccionnoticias.com.mx\/index.php?rest_route=%2Fwp%2Fv2%2Fcategories&post=6885"},{"taxonomy":"post_tag","embeddable":true,"href":"https:\/\/www.interaccionnoticias.com.mx\/index.php?rest_route=%2Fwp%2Fv2%2Ftags&post=6885"}],"curies":[{"name":"wp","href":"https:\/\/api.w.org\/{rel}","templated":true}]}}