{"id":6857,"date":"2017-07-29T21:04:58","date_gmt":"2017-07-30T02:04:58","guid":{"rendered":"http:\/\/www.inter-accion.com.mx\/?p=6857"},"modified":"2017-07-29T21:04:58","modified_gmt":"2017-07-30T02:04:58","slug":"detienen-a-otro-presunto-responsable-del-crimen-de-siete-personas","status":"publish","type":"post","link":"https:\/\/www.interaccionnoticias.com.mx\/?p=6857","title":{"rendered":"Detienen a otro presunto responsable del crimen de siete personas"},"content":{"rendered":"<p><strong>Es elemento de la Polic\u00eda Ciudadana de la UPOEG <\/strong><br \/>\n<strong>Acapulco, Gro.-<\/strong> Despliegan operativo y logran detener a otro presunto implicado en la muerte de siete integrantes de una familia de San Pedro Cacahuatepec de la zona rural de Acapulco.<br \/>\nAproximadamente a las 14 horas, en un despliegue operativo elementos de la Ministerial, logran detener a Alberto \u00abN\u00bb, integrante de la Polic\u00eda Ciudadana de UPOEG, mediante orden de aprehensi\u00f3n girada por el juez.<br \/>\nLo anterior fue confirmado por la Fiscal\u00eda General del Estado al informar que la Polic\u00eda Investigadora Ministerial, cumpliment\u00f3 la orden de aprehensi\u00f3n en contra de Alberto \u00abN\u00bb de acuerdo a la Carpeta de Investigaci\u00f3n por Homicidio Calificado.<br \/>\nSe indica que en seguimiento de los hechos ocurridos el pasado mes de junio en San Pedro Cacahuatepec, Municipio de Acapulco. De acuerdo con la FGE el juez de Control y Enjuiciamiento Penal concedi\u00f3 al Ministerio P\u00fablico la orden de aprehensi\u00f3n en contra del imputado Alberto \u00abN\u00bb derivada de la Carpeta Judicial C-53\/2017.<br \/>\nEl pasado diez de junio en la comunidad de San Pedro Cacahuatepec, zona rural de Acapulco, MILENIO inform\u00f3 que un ataque de polic\u00edas de la UPOEG, privaron de la vida a seis personas y tres m\u00e1s heridas por disparos de arma.<br \/>\nM\u00e1s tarde, en el hospital, falleci\u00f3 otro menor con lo que se increment\u00f3 a siete el n\u00famero de v\u00edctimas, de aquella violenta incursi\u00f3n. Los integrantes de la Polic\u00eda Ciudadana, se dijo, persegu\u00edan a tres imputados del delito de extorsi\u00f3n, lo que propicio el ataque contra adultos y menores de edad, con el saldo descrito.<br \/>\nFinalmente se precisa que el detenido fue puesto a disposici\u00f3n de la autoridad correspondiente, y es el segundo de seis supuestos implicados; de ellos faltan 4 por ser detendidos. El pasado 20 de julio, un adolescente que habr\u00eda participado en el m\u00faltiple crimen fue detenido con base en una orden de aprehensi\u00f3n.<\/p>\n","protected":false},"excerpt":{"rendered":"<p>Es elemento de la Polic\u00eda Ciudadana de la UPOEG Acapulco, Gro.- Despliegan operativo y logran detener a otro presunto implicado en la muerte de siete integrantes de una familia de&hellip; <\/p>\n","protected":false},"author":1,"featured_media":0,"comment_status":"closed","ping_status":"closed","sticky":false,"template":"","format":"standard","meta":{"fifu_image_url":"","fifu_image_alt":"","footnotes":""},"categories":[8,15],"tags":[],"class_list":["post-6857","post","type-post","status-publish","format-standard","hentry","category-featured","category-movimientos-sociales"],"_links":{"self":[{"href":"https:\/\/www.interaccionnoticias.com.mx\/index.php?rest_route=\/wp\/v2\/posts\/6857","targetHints":{"allow":["GET"]}}],"collection":[{"href":"https:\/\/www.interaccionnoticias.com.mx\/index.php?rest_route=\/wp\/v2\/posts"}],"about":[{"href":"https:\/\/www.interaccionnoticias.com.mx\/index.php?rest_route=\/wp\/v2\/types\/post"}],"author":[{"embeddable":true,"href":"https:\/\/www.interaccionnoticias.com.mx\/index.php?rest_route=\/wp\/v2\/users\/1"}],"replies":[{"embeddable":true,"href":"https:\/\/www.interaccionnoticias.com.mx\/index.php?rest_route=%2Fwp%2Fv2%2Fcomments&post=6857"}],"version-history":[{"count":0,"href":"https:\/\/www.interaccionnoticias.com.mx\/index.php?rest_route=\/wp\/v2\/posts\/6857\/revisions"}],"wp:attachment":[{"href":"https:\/\/www.interaccionnoticias.com.mx\/index.php?rest_route=%2Fwp%2Fv2%2Fmedia&parent=6857"}],"wp:term":[{"taxonomy":"category","embeddable":true,"href":"https:\/\/www.interaccionnoticias.com.mx\/index.php?rest_route=%2Fwp%2Fv2%2Fcategories&post=6857"},{"taxonomy":"post_tag","embeddable":true,"href":"https:\/\/www.interaccionnoticias.com.mx\/index.php?rest_route=%2Fwp%2Fv2%2Ftags&post=6857"}],"curies":[{"name":"wp","href":"https:\/\/api.w.org\/{rel}","templated":true}]}}