{"id":6854,"date":"2017-07-28T20:42:30","date_gmt":"2017-07-29T01:42:30","guid":{"rendered":"http:\/\/www.inter-accion.com.mx\/?p=6854"},"modified":"2017-07-28T20:42:30","modified_gmt":"2017-07-29T01:42:30","slug":"encuentran-una-cabeza-en-chilapa","status":"publish","type":"post","link":"https:\/\/www.interaccionnoticias.com.mx\/?p=6854","title":{"rendered":"Encuentran una cabeza en Chilapa"},"content":{"rendered":"<p class=\"m_-6029350020042871501xmsonormal\"><strong><span class=\"m_-6029350020042871501apple-converted-space\">Tambi\u00e9n matan a un hombre a balazos en Chilpancingo<\/span><\/strong><\/p>\n<p class=\"m_-6029350020042871501xmsonormal\"><span class=\"m_-6029350020042871501apple-converted-space\">La Polic\u00eda del Estado confirm\u00f3 el hallazgo de una cabeza humana en la cabecera municipal de Chilapa, en tanto que en Chilpancingo un hombre fue asesinado a balazos, durante la jornada del viernes.<\/span><\/p>\n<p class=\"m_-6029350020042871501xmsonormal\"><span class=\"m_-6029350020042871501apple-converted-space\">Alrededor de las 12:00 horas del viernes, la polic\u00eda inform\u00f3 que en el fraccionamiento Los Reyes, en la cabecera municipal de Chilapa estaba tirada una bolsa de pl\u00e1stico con una cabeza humana en su interior.<\/span><\/p>\n<p class=\"m_-6029350020042871501xmsonormal\"><span class=\"m_-6029350020042871501apple-converted-space\">Para las 13:00 horas, personal de la Fiscal\u00eda General del Estado (FGE) realiz\u00f3 el levantamiento de la extremidad, que fue trasladada al Servicio M\u00e9dico Forense (Semefo) en calidad de desconocido.<\/span><\/p>\n<p class=\"m_-6029350020042871501xmsonormal\"><span class=\"m_-6029350020042871501apple-converted-space\">Alrededor de las 14:00 horas, un hombre fue asesinado a balazos en la calle David Pastrana de la colonia Los Angeles, en el sector oriente de la capital de Guerrero.&nbsp;&nbsp;<\/span><\/p>\n<p class=\"m_-6029350020042871501xmsonormal\"><span class=\"m_-6029350020042871501apple-converted-space\">Aunque el atentado gener\u00f3 la movilizaci\u00f3n de diferentes corporaciones polic\u00edacas, no se logr\u00f3 la detenci\u00f3n de ninguno de los implicados.<\/span><\/p>\n<p class=\"m_-6029350020042871501xmsonormal\"><span class=\"m_-6029350020042871501apple-converted-space\">La v\u00edctima del crimen cometido en Chilpancingo tambi\u00e9n ingres\u00f3 al forense en calidad de desconocido.<\/span><\/p>\n<p class=\"m_-6029350020042871501xmsonormal\"><span class=\"m_-6029350020042871501apple-converted-space\">&nbsp;&nbsp;<\/span><\/p>\n","protected":false},"excerpt":{"rendered":"<p>Tambi\u00e9n matan a un hombre a balazos en Chilpancingo La Polic\u00eda del Estado confirm\u00f3 el hallazgo de una cabeza humana en la cabecera municipal de Chilapa, en tanto que en&hellip; <\/p>\n","protected":false},"author":1,"featured_media":0,"comment_status":"closed","ping_status":"closed","sticky":false,"template":"","format":"standard","meta":{"fifu_image_url":"","fifu_image_alt":"","footnotes":""},"categories":[8,27],"tags":[],"class_list":["post-6854","post","type-post","status-publish","format-standard","hentry","category-featured","category-seguridad-publica"],"_links":{"self":[{"href":"https:\/\/www.interaccionnoticias.com.mx\/index.php?rest_route=\/wp\/v2\/posts\/6854","targetHints":{"allow":["GET"]}}],"collection":[{"href":"https:\/\/www.interaccionnoticias.com.mx\/index.php?rest_route=\/wp\/v2\/posts"}],"about":[{"href":"https:\/\/www.interaccionnoticias.com.mx\/index.php?rest_route=\/wp\/v2\/types\/post"}],"author":[{"embeddable":true,"href":"https:\/\/www.interaccionnoticias.com.mx\/index.php?rest_route=\/wp\/v2\/users\/1"}],"replies":[{"embeddable":true,"href":"https:\/\/www.interaccionnoticias.com.mx\/index.php?rest_route=%2Fwp%2Fv2%2Fcomments&post=6854"}],"version-history":[{"count":0,"href":"https:\/\/www.interaccionnoticias.com.mx\/index.php?rest_route=\/wp\/v2\/posts\/6854\/revisions"}],"wp:attachment":[{"href":"https:\/\/www.interaccionnoticias.com.mx\/index.php?rest_route=%2Fwp%2Fv2%2Fmedia&parent=6854"}],"wp:term":[{"taxonomy":"category","embeddable":true,"href":"https:\/\/www.interaccionnoticias.com.mx\/index.php?rest_route=%2Fwp%2Fv2%2Fcategories&post=6854"},{"taxonomy":"post_tag","embeddable":true,"href":"https:\/\/www.interaccionnoticias.com.mx\/index.php?rest_route=%2Fwp%2Fv2%2Ftags&post=6854"}],"curies":[{"name":"wp","href":"https:\/\/api.w.org\/{rel}","templated":true}]}}