{"id":6848,"date":"2017-07-28T19:48:01","date_gmt":"2017-07-29T00:48:01","guid":{"rendered":"http:\/\/www.inter-accion.com.mx\/?p=6848"},"modified":"2017-07-28T19:48:01","modified_gmt":"2017-07-29T00:48:01","slug":"titulares-de-sedesol-guerrero-y-ceav-escuchan-a-familiares-de-desaparecidos-en-chilapa","status":"publish","type":"post","link":"https:\/\/www.interaccionnoticias.com.mx\/?p=6848","title":{"rendered":"Titulares de SEDESOL-Guerrero y CEAV escuchan a familiares de desaparecidos en Chilapa"},"content":{"rendered":"<p class=\"m_4735927676973582724xmsonormal\"><strong><span class=\"m_4735927676973582724apple-converted-space\">Se comprometen a dar atenci\u00f3n m\u00e9dica y psicol\u00f3gica, tambi\u00e9n les otorgan apoyo econ\u00f3mico<\/span><\/strong><\/p>\n<p class=\"m_4735927676973582724xmsonormal\">La titular de la Secretar\u00eda de Desarrollo Social (Sedesol) estatal, Alicia Zamora Villalva y el nuevo responsable de la Comisi\u00f3n Estatal de Atenci\u00f3n a V\u00edctimas (CEAV), Luis Camacho Mancilla visitaron al colectivo de familiares de desaparecidos \u201cSiempre Vivos\u201d, en Chilapa de Alvarez, a los que ofrecieron asesor\u00eda legal, atenci\u00f3n m\u00e9dica, psicol\u00f3gica y apoyo econ\u00f3mico.&nbsp;&nbsp;<\/p>\n<p class=\"m_4735927676973582724xmsonormal\">En la reuni\u00f3n participaron el segundo Visitador General de la Comisi\u00f3n de Derechos Humanos del Estado de Guerrero (CDHEG), Fernando Esteban Ram\u00edrez, el director del DIF guerrero, Jos\u00e9 Francisco Sol\u00eds Sol\u00eds y el presidente municipal de Chilapa, Jes\u00fas Parra Garc\u00eda.<\/p>\n<p class=\"m_4735927676973582724xmsonormal\">El titular de la CEAV, Luis Camacho Mancilla dijo a las familias de m\u00e1s de 60 personas desaparecidas, que el tema de atenci\u00f3n a v\u00edctimas est\u00e1 tomando relevancia a nivel nacional, que en congruencia, el gobernador H\u00e9ctor Astudillo Flores est\u00e1 consiente de eso y sabe que las v\u00edctimas tienen derecho a la verdad y la justicia.<\/p>\n<p class=\"m_4735927676973582724xmsonormal\">Por esa raz\u00f3n, indic\u00f3 que buscar\u00e1 al fiscal general del estado, Javier Olea Pel\u00e1ez para que designe a un grupo especial que revise cuales han sido los avances en las carpetas de investigaci\u00f3n que hasta el momento se han integrado.<\/p>\n<p class=\"m_4735927676973582724xmsonormal\">Camacho Mancilla reconoci\u00f3 que la desaparici\u00f3n de una persona deja muchas secuelas, entre ellas la desintegraci\u00f3n familiar, afectaciones psicol\u00f3gicas a los menores y a las personas mayores, as\u00ed como complicaciones de tipo econ\u00f3mico.<\/p>\n<p class=\"m_4735927676973582724xmsonormal\">Por esa raz\u00f3n, el comisionado manifest\u00f3 que ten\u00eda el compromiso para atender a los colectivos y tambi\u00e9n a cada familia de manera individual, para garantizarles atenci\u00f3n m\u00e9dica, psicol\u00f3gica y trabajo social.<\/p>\n<p class=\"m_4735927676973582724xmsonormal\">Durante el encuentro, los integrantes del colectivo manifestaron que \u00e9l gobernador H\u00e9ctor Astudillo Flores los ha mantenido en el olvido, pero tambi\u00e9n indicaron que ha cobijado la estigmatizaci\u00f3n y criminalizaci\u00f3n de las v\u00edctimas directas e indirectas de desaparici\u00f3n forzada o por particulares.<\/p>\n<p class=\"m_4735927676973582724xmsonormal\">Lo principal, es que hasta el momento no hay avances en las investigaciones y que las b\u00fasquedas que en su momento prometi\u00f3 no se han realizado.<\/p>\n<p class=\"m_4735927676973582724xmsonormal\">\u201cNosotros queremos avances, no queremos que nada m\u00e1s nos vengan a dar apoyos, yo estudio, y s\u00e9 que la gente tiene miedo de hablar, pero \u201ces cierto todos queremos saber en d\u00f3nde est\u00e1n nuestros familiares desaparecidos\u201d, coment\u00f3 un hermano de Jos\u00e9 Luis Salmer\u00f3n Hern\u00e1ndez, de 24 a\u00f1os, quien fue desaparecido el 10 de mayo del 2015 en la cabecera municipal.<\/p>\n<p class=\"m_4735927676973582724xmsonormal\">Dicha desaparici\u00f3n se registr\u00f3 durante la ocupaci\u00f3n de cinco d\u00edas que al menos 300 civiles armados realizaron en la cabecera municipal, cuando de primera instancia se llevaron a 30 personas, de las que hasta el momento se desconoce en paradero.&nbsp;&nbsp;&nbsp;&nbsp;<\/p>\n<p class=\"m_4735927676973582724xmsonormal\">&nbsp;El director del Centro Morelos, Manuel Olivares Hern\u00e1ndez manifest\u00f3 que si bien es &nbsp;importante el apoyo que se otorgar\u00eda, &nbsp;para las familias lo fundamental es que se implemente una estrategias de b\u00fasqueda para dar con el paradero de los desaparecidos, pues la verdad y la justicia son lo m\u00e1s importante.<\/p>\n<p class=\"m_4735927676973582724xmsonormal\">Dicho planteamiento fue respaldado por las familias agraviadas. Olivares tambi\u00e9n subray\u00f3 que<span class=\"m_4735927676973582724apple-converted-space\">&nbsp;<\/span>la mayor\u00eda de las personas desaparecidas eran quienes sosten\u00edan a sus familias, por ello hizo hincapi\u00e9 de que los apoyos deben ser suficientes para abastecer sus necesidades m\u00e1s b\u00e1sicas.<\/p>\n<p class=\"m_4735927676973582724xmsonormal\">Record\u00f3 que hace un mes se le entrego al secretario de Salud, Carlos de la Pe\u00f1a Pintos una lista de personas que padecen enfermedades, a ra\u00edz de la desaparici\u00f3n de su familiar y otras que se agudizaron por la misma raz\u00f3n, este viernes se llevar\u00eda a cabo una evaluaci\u00f3n de los avances, sin embargo, a nadie se le han acercado; ni responsables de trabajo social ni nadie para entrevistarlos y permitir que sean atendidos\u201d.<\/p>\n<p class=\"m_4735927676973582724xmsonormal\">&nbsp;\u201cSon muchos los derechos que les han sido vulnerados, adem\u00e1s las familias se enfrentan a la re victimizaci\u00f3n cuando les condicionan la entrada a un empleo, cuando en las instituciones de salud les dicen que ellos tienen problemas porque su familiar ten\u00eda algo que ver con la delincuencia organizada\u201d, anot\u00f3 Olivares.<\/p>\n<p class=\"m_4735927676973582724xmsonormal\">La titular de Sedesol, Alicia Zamora otorg\u00f3 cheques a familias de desaparecidos por una cantidad de 3 mil pesos, que debieron trasladarse a Chilpancingo para realizar&nbsp;<\/p>\n","protected":false},"excerpt":{"rendered":"<p>Se comprometen a dar atenci\u00f3n m\u00e9dica y psicol\u00f3gica, tambi\u00e9n les otorgan apoyo econ\u00f3mico La titular de la Secretar\u00eda de Desarrollo Social (Sedesol) estatal, Alicia Zamora Villalva y el nuevo responsable&hellip; <\/p>\n","protected":false},"author":1,"featured_media":0,"comment_status":"closed","ping_status":"closed","sticky":false,"template":"","format":"standard","meta":{"fifu_image_url":"","fifu_image_alt":"","footnotes":""},"categories":[8,15],"tags":[],"class_list":["post-6848","post","type-post","status-publish","format-standard","hentry","category-featured","category-movimientos-sociales"],"_links":{"self":[{"href":"https:\/\/www.interaccionnoticias.com.mx\/index.php?rest_route=\/wp\/v2\/posts\/6848","targetHints":{"allow":["GET"]}}],"collection":[{"href":"https:\/\/www.interaccionnoticias.com.mx\/index.php?rest_route=\/wp\/v2\/posts"}],"about":[{"href":"https:\/\/www.interaccionnoticias.com.mx\/index.php?rest_route=\/wp\/v2\/types\/post"}],"author":[{"embeddable":true,"href":"https:\/\/www.interaccionnoticias.com.mx\/index.php?rest_route=\/wp\/v2\/users\/1"}],"replies":[{"embeddable":true,"href":"https:\/\/www.interaccionnoticias.com.mx\/index.php?rest_route=%2Fwp%2Fv2%2Fcomments&post=6848"}],"version-history":[{"count":0,"href":"https:\/\/www.interaccionnoticias.com.mx\/index.php?rest_route=\/wp\/v2\/posts\/6848\/revisions"}],"wp:attachment":[{"href":"https:\/\/www.interaccionnoticias.com.mx\/index.php?rest_route=%2Fwp%2Fv2%2Fmedia&parent=6848"}],"wp:term":[{"taxonomy":"category","embeddable":true,"href":"https:\/\/www.interaccionnoticias.com.mx\/index.php?rest_route=%2Fwp%2Fv2%2Fcategories&post=6848"},{"taxonomy":"post_tag","embeddable":true,"href":"https:\/\/www.interaccionnoticias.com.mx\/index.php?rest_route=%2Fwp%2Fv2%2Ftags&post=6848"}],"curies":[{"name":"wp","href":"https:\/\/api.w.org\/{rel}","templated":true}]}}