{"id":6842,"date":"2017-07-28T18:53:12","date_gmt":"2017-07-28T23:53:12","guid":{"rendered":"http:\/\/www.inter-accion.com.mx\/?p=6842"},"modified":"2017-07-28T18:53:12","modified_gmt":"2017-07-28T23:53:12","slug":"moveran-a-mas-de-120-ambulantes-del-primer-cuadro-de-chilpancingo","status":"publish","type":"post","link":"https:\/\/www.interaccionnoticias.com.mx\/?p=6842","title":{"rendered":"Mover\u00e1n a m\u00e1s de 120 ambulantes del primer cuadro de Chilpancingo"},"content":{"rendered":"<p><strong>Ser\u00e1 una salida negociada, aclara el alcalde&nbsp;<\/strong><br \/>\nEl alcalde Marco Antonio Leyva Mena anunci\u00f3 que al menos 120 comerciantes ambulantes ser\u00e1n reubicados del primer cuadro de la ciudad, se prev\u00e9 que haya una alternativa para su reubicaci\u00f3n, con el objeto de no vulnerar su derecho al trabajo.<br \/>\nEl primer edil, explic\u00f3 que la ciudad se encuentra inmersa en un proceso de reordenamiento, por lo que en tres o cuatro meses habr\u00e1 de iniciarse un trabajo encaminado a retirar a los vendedores ambulantes que permanecen en el centro.<br \/>\nDe acuerdo con los datos que tiene la Direcci\u00f3n de Gobernaci\u00f3n, dijo que hay un promedio de 100 a 120 vendedores ambulantes, principalmente dedicados a la elaboraci\u00f3n de comida y fruta en carretilla.<br \/>\nAclar\u00f3 que la medida se tomar\u00e1 sin vulnerar el derecho que tienen las familias a contar con una fuente de ingresos, pero insisti\u00f3 en que se deben preservar espacios de la ciudad que son para el uso colectivo.<br \/>\nAnticip\u00f3 que buscar\u00e1 una salida negociada, que de primera instancia contempla el impulso de un proyecto en la alameda Granados Maldonado, que de primera instancia considere la integraci\u00f3n del ambulantaje en una especie de tianguis, en el que se fomente la mexicanidad.<br \/>\nAunque no descart\u00f3 la posibilidad de que haya grupos de inter\u00e9s que controlen a los ambulantes, el alcalde Leyva Mena destac\u00f3 que la prioridad es avanzar en el proceso de ordenar la ciudad, pero tambi\u00e9n garantizando el cuidado a las fuentes de empleo de las personas.<\/p>\n","protected":false},"excerpt":{"rendered":"<p>Ser\u00e1 una salida negociada, aclara el alcalde&nbsp; El alcalde Marco Antonio Leyva Mena anunci\u00f3 que al menos 120 comerciantes ambulantes ser\u00e1n reubicados del primer cuadro de la ciudad, se prev\u00e9&hellip; <\/p>\n","protected":false},"author":1,"featured_media":0,"comment_status":"closed","ping_status":"closed","sticky":false,"template":"","format":"standard","meta":{"fifu_image_url":"","fifu_image_alt":"","footnotes":""},"categories":[13,8],"tags":[],"class_list":["post-6842","post","type-post","status-publish","format-standard","hentry","category-capital","category-featured"],"_links":{"self":[{"href":"https:\/\/www.interaccionnoticias.com.mx\/index.php?rest_route=\/wp\/v2\/posts\/6842","targetHints":{"allow":["GET"]}}],"collection":[{"href":"https:\/\/www.interaccionnoticias.com.mx\/index.php?rest_route=\/wp\/v2\/posts"}],"about":[{"href":"https:\/\/www.interaccionnoticias.com.mx\/index.php?rest_route=\/wp\/v2\/types\/post"}],"author":[{"embeddable":true,"href":"https:\/\/www.interaccionnoticias.com.mx\/index.php?rest_route=\/wp\/v2\/users\/1"}],"replies":[{"embeddable":true,"href":"https:\/\/www.interaccionnoticias.com.mx\/index.php?rest_route=%2Fwp%2Fv2%2Fcomments&post=6842"}],"version-history":[{"count":0,"href":"https:\/\/www.interaccionnoticias.com.mx\/index.php?rest_route=\/wp\/v2\/posts\/6842\/revisions"}],"wp:attachment":[{"href":"https:\/\/www.interaccionnoticias.com.mx\/index.php?rest_route=%2Fwp%2Fv2%2Fmedia&parent=6842"}],"wp:term":[{"taxonomy":"category","embeddable":true,"href":"https:\/\/www.interaccionnoticias.com.mx\/index.php?rest_route=%2Fwp%2Fv2%2Fcategories&post=6842"},{"taxonomy":"post_tag","embeddable":true,"href":"https:\/\/www.interaccionnoticias.com.mx\/index.php?rest_route=%2Fwp%2Fv2%2Ftags&post=6842"}],"curies":[{"name":"wp","href":"https:\/\/api.w.org\/{rel}","templated":true}]}}