{"id":68363,"date":"2023-09-20T14:50:52","date_gmt":"2023-09-20T19:50:52","guid":{"rendered":"https:\/\/interaccionnoticias.com.mx\/?p=68363"},"modified":"2023-09-20T14:50:54","modified_gmt":"2023-09-20T19:50:54","slug":"primer-aniversario-del-transporte-violeta-en-guerrero-cumple-un-ano-brindando-seguridad","status":"publish","type":"post","link":"https:\/\/www.interaccionnoticias.com.mx\/?p=68363","title":{"rendered":"Primer aniversario del Transporte Violeta en Guerrero, cumple un a\u00f1o brindando seguridad"},"content":{"rendered":"\n<p><strong><em>&#8212; Con su puesta en marcha por parte de la gobernadora Evelyn Salgado Pineda, las mujeres viajan m\u00e1s tranquilas en el transporte p\u00fablico<br>&#8212; Es una iniciativa transformadora que promueve la seguridad y la movilidad sin acoso de las mujeres y ni\u00f1os menores de 12 a\u00f1os<\/em><\/strong><\/p>\n\n\n\n<p><strong>Chilpancingo, Gro., 20 de septiembre de 2023.-<\/strong> A un a\u00f1o del lanzamiento del Transporte Violeta en Guerrero por parte de la gobernadora Evelyn Salgado Pineda, se ha logrado que diariamente m\u00e1s de 6 mil mujeres y ni\u00f1os menores de 12 a\u00f1os viajen seguras y tranquilas a sus destinos, permitiendo reducir los casos de acoso.<\/p>\n\n\n\n<p>En Chilpancingo, 18 unidades de urvans prestan servicio a aproximadamente 1000 mujeres diariamente, y 50 taxis preferentes atienden a alrededor de 500 usuarias cada d\u00eda. En tanto en Acapulco, 5 unidades del Acab\u00fas ofrecen servicio exclusivo a 5,000 mujeres, y 30 unidades de taxi preferente brindan asistencia a 340 mujeres.<\/p>\n\n\n\n<p>Para ello, en el \u00faltimo a\u00f1o se han capacitado a 3,500 operadores en temas de perspectiva de g\u00e9nero, protecci\u00f3n civil y primeros auxilios; 170 operadores han sido sometidos a ex\u00e1menes de control y confianza del Secretariado Estatal de Seguridad P\u00fablica; se han entregado c\u00e9dulas de identificaci\u00f3n a cada operador del Transporte Violeta, con informaci\u00f3n del chofer y el veh\u00edculo, as\u00ed como un c\u00f3digo QR para su validaci\u00f3n.<\/p>\n\n\n\n<p>Los veh\u00edculos comenzaron a circular el 20 de septiembre del 2022 como parte de la estrategia integral \u201cProtocolo Violeta\u201d. Esta iniciativa busca no solo fortalecer y garantizar la seguridad de las mujeres, sino tambi\u00e9n prevenir, sancionar, atender y erradicar la violencia dirigida hacia ellas. Hasta la fecha, el Acab\u00fas ha transportado a 1, 277, 440 usuarias de manera segura y libre de acoso a sus trabajos, escuelas y hogares.<\/p>\n\n\n\n<p>Desde su implementaci\u00f3n, el Transporte Violeta llam\u00f3 la atenci\u00f3n debido a las opiniones de los hombres que viajan todos los d\u00edas en Acab\u00fas, mencionando que esta medida era \u201cdiscriminatoria\u201d al tener un autob\u00fas exclusivo para las mujeres. Sin embargo, gracias a la constante supervisi\u00f3n del personal operativo al interior de las unidades y la activa socializaci\u00f3n en redes sociales, los usuarios han ido adapt\u00e1ndose a esta nueva modalidad. Como resultado, se ha logrado reducir en un 90% los reportes de acoso y ya no se registran casos de hombres subi\u00e9ndose a los autobuses violetas.<\/p>\n\n\n\n<p>Acab\u00fas participa en la primera fase de esta iniciativa al asignar cuatro autobuses, distribuidos en las Rutas Troncales 2 (Retorno-Maxit\u00fanel-Oviedo) y 5 (Transferencia-Farall\u00f3n-Base). Recientemente, se ha a\u00f1adido otro autob\u00fas a la Ruta Troncal 3 (Coloso-Maxit\u00fanel-Oviedo), sumando un total de cinco autobuses exclusivos, beneficiando a m\u00e1s mujeres y ni\u00f1as de otras \u00e1reas de Acapulco.<\/p>\n\n\n\n<p>Estas medidas permanecer\u00e1n en el Sistema Acab\u00fas, con la expectativa de ampliarse en una segunda fase a m\u00e1s Rutas Troncales en beneficio de todas las mujeres de Acapulco, al ofrecer un transporte p\u00fablico seguro para sus traslados.<\/p>\n\n\n\n<div class=\"wp-block-jetpack-slideshow aligncenter\" data-effect=\"slide\"><div class=\"wp-block-jetpack-slideshow_container swiper-container\"><ul class=\"wp-block-jetpack-slideshow_swiper-wrapper swiper-wrapper\"><li class=\"wp-block-jetpack-slideshow_slide swiper-slide\"><figure><img decoding=\"async\" src=\"data:image\/gif;base64,R0lGODlhAQABAIAAAAAAAP\/\/\/ywAAAAAAQABAAACAUwAOw==\" fifu-lazy=\"1\" fifu-data-sizes=\"auto\" fifu-data-srcset=\"https:\/\/i3.wp.com\/interaccionnoticias.com.mx\/wp-content\/uploads\/2023\/09\/230920-Transporte-Violeta-en-Guerrero-1-1024x682.jpg?ssl=1&w=75&resize=75&ssl=1 75w, https:\/\/i3.wp.com\/interaccionnoticias.com.mx\/wp-content\/uploads\/2023\/09\/230920-Transporte-Violeta-en-Guerrero-1-1024x682.jpg?ssl=1&w=100&resize=100&ssl=1 100w, https:\/\/i3.wp.com\/interaccionnoticias.com.mx\/wp-content\/uploads\/2023\/09\/230920-Transporte-Violeta-en-Guerrero-1-1024x682.jpg?ssl=1&w=150&resize=150&ssl=1 150w, https:\/\/i3.wp.com\/interaccionnoticias.com.mx\/wp-content\/uploads\/2023\/09\/230920-Transporte-Violeta-en-Guerrero-1-1024x682.jpg?ssl=1&w=240&resize=240&ssl=1 240w, https:\/\/i3.wp.com\/interaccionnoticias.com.mx\/wp-content\/uploads\/2023\/09\/230920-Transporte-Violeta-en-Guerrero-1-1024x682.jpg?ssl=1&w=320&resize=320&ssl=1 320w, https:\/\/i3.wp.com\/interaccionnoticias.com.mx\/wp-content\/uploads\/2023\/09\/230920-Transporte-Violeta-en-Guerrero-1-1024x682.jpg?ssl=1&w=500&resize=500&ssl=1 500w, https:\/\/i3.wp.com\/interaccionnoticias.com.mx\/wp-content\/uploads\/2023\/09\/230920-Transporte-Violeta-en-Guerrero-1-1024x682.jpg?ssl=1&w=640&resize=640&ssl=1 640w, https:\/\/i3.wp.com\/interaccionnoticias.com.mx\/wp-content\/uploads\/2023\/09\/230920-Transporte-Violeta-en-Guerrero-1-1024x682.jpg?ssl=1&w=800&resize=800&ssl=1 800w, https:\/\/i3.wp.com\/interaccionnoticias.com.mx\/wp-content\/uploads\/2023\/09\/230920-Transporte-Violeta-en-Guerrero-1-1024x682.jpg?ssl=1&w=1024&resize=1024&ssl=1 1024w, https:\/\/i3.wp.com\/interaccionnoticias.com.mx\/wp-content\/uploads\/2023\/09\/230920-Transporte-Violeta-en-Guerrero-1-1024x682.jpg?ssl=1&w=1280&resize=1280&ssl=1 1280w, https:\/\/i3.wp.com\/interaccionnoticias.com.mx\/wp-content\/uploads\/2023\/09\/230920-Transporte-Violeta-en-Guerrero-1-1024x682.jpg?ssl=1&w=1600&resize=1600&ssl=1 1600w\" alt=\"\" class=\"wp-block-jetpack-slideshow_image wp-image-68364\" data-id=\"68364\" fifu-data-src=\"https:\/\/i3.wp.com\/interaccionnoticias.com.mx\/wp-content\/uploads\/2023\/09\/230920-Transporte-Violeta-en-Guerrero-1-1024x682.jpg?ssl=1\"\/><\/figure><\/li><li class=\"wp-block-jetpack-slideshow_slide swiper-slide\"><figure><img decoding=\"async\" src=\"data:image\/gif;base64,R0lGODlhAQABAIAAAAAAAP\/\/\/ywAAAAAAQABAAACAUwAOw==\" fifu-lazy=\"1\" fifu-data-sizes=\"auto\" fifu-data-srcset=\"https:\/\/i0.wp.com\/interaccionnoticias.com.mx\/wp-content\/uploads\/2023\/09\/230920-Transporte-Violeta-en-Guerrero-2-1024x682.jpg?ssl=1&w=75&resize=75&ssl=1 75w, https:\/\/i0.wp.com\/interaccionnoticias.com.mx\/wp-content\/uploads\/2023\/09\/230920-Transporte-Violeta-en-Guerrero-2-1024x682.jpg?ssl=1&w=100&resize=100&ssl=1 100w, https:\/\/i0.wp.com\/interaccionnoticias.com.mx\/wp-content\/uploads\/2023\/09\/230920-Transporte-Violeta-en-Guerrero-2-1024x682.jpg?ssl=1&w=150&resize=150&ssl=1 150w, https:\/\/i0.wp.com\/interaccionnoticias.com.mx\/wp-content\/uploads\/2023\/09\/230920-Transporte-Violeta-en-Guerrero-2-1024x682.jpg?ssl=1&w=240&resize=240&ssl=1 240w, https:\/\/i0.wp.com\/interaccionnoticias.com.mx\/wp-content\/uploads\/2023\/09\/230920-Transporte-Violeta-en-Guerrero-2-1024x682.jpg?ssl=1&w=320&resize=320&ssl=1 320w, https:\/\/i0.wp.com\/interaccionnoticias.com.mx\/wp-content\/uploads\/2023\/09\/230920-Transporte-Violeta-en-Guerrero-2-1024x682.jpg?ssl=1&w=500&resize=500&ssl=1 500w, https:\/\/i0.wp.com\/interaccionnoticias.com.mx\/wp-content\/uploads\/2023\/09\/230920-Transporte-Violeta-en-Guerrero-2-1024x682.jpg?ssl=1&w=640&resize=640&ssl=1 640w, https:\/\/i0.wp.com\/interaccionnoticias.com.mx\/wp-content\/uploads\/2023\/09\/230920-Transporte-Violeta-en-Guerrero-2-1024x682.jpg?ssl=1&w=800&resize=800&ssl=1 800w, https:\/\/i0.wp.com\/interaccionnoticias.com.mx\/wp-content\/uploads\/2023\/09\/230920-Transporte-Violeta-en-Guerrero-2-1024x682.jpg?ssl=1&w=1024&resize=1024&ssl=1 1024w, https:\/\/i0.wp.com\/interaccionnoticias.com.mx\/wp-content\/uploads\/2023\/09\/230920-Transporte-Violeta-en-Guerrero-2-1024x682.jpg?ssl=1&w=1280&resize=1280&ssl=1 1280w, https:\/\/i0.wp.com\/interaccionnoticias.com.mx\/wp-content\/uploads\/2023\/09\/230920-Transporte-Violeta-en-Guerrero-2-1024x682.jpg?ssl=1&w=1600&resize=1600&ssl=1 1600w\" alt=\"\" class=\"wp-block-jetpack-slideshow_image wp-image-68365\" data-id=\"68365\" fifu-data-src=\"https:\/\/i0.wp.com\/interaccionnoticias.com.mx\/wp-content\/uploads\/2023\/09\/230920-Transporte-Violeta-en-Guerrero-2-1024x682.jpg?ssl=1\"\/><\/figure><\/li><\/ul><a class=\"wp-block-jetpack-slideshow_button-prev swiper-button-prev swiper-button-white\" role=\"button\"><\/a><a class=\"wp-block-jetpack-slideshow_button-next swiper-button-next swiper-button-white\" role=\"button\"><\/a><a aria-label=\"Pause Slideshow\" class=\"wp-block-jetpack-slideshow_button-pause\" role=\"button\"><\/a><div class=\"wp-block-jetpack-slideshow_pagination swiper-pagination swiper-pagination-white\"><\/div><\/div><\/div>\n","protected":false},"excerpt":{"rendered":"<p>&#8212; Con su puesta en marcha por parte de la gobernadora Evelyn Salgado Pineda, las mujeres viajan m\u00e1s tranquilas en el transporte p\u00fablico&#8212; Es una iniciativa transformadora que promueve la&hellip; <\/p>\n","protected":false},"author":19,"featured_media":68364,"comment_status":"open","ping_status":"open","sticky":false,"template":"","format":"standard","meta":{"fifu_image_url":"","fifu_image_alt":"","footnotes":""},"categories":[11],"tags":[],"class_list":["post-68363","post","type-post","status-publish","format-standard","has-post-thumbnail","hentry","category-guerrero"],"_links":{"self":[{"href":"https:\/\/www.interaccionnoticias.com.mx\/index.php?rest_route=\/wp\/v2\/posts\/68363","targetHints":{"allow":["GET"]}}],"collection":[{"href":"https:\/\/www.interaccionnoticias.com.mx\/index.php?rest_route=\/wp\/v2\/posts"}],"about":[{"href":"https:\/\/www.interaccionnoticias.com.mx\/index.php?rest_route=\/wp\/v2\/types\/post"}],"author":[{"embeddable":true,"href":"https:\/\/www.interaccionnoticias.com.mx\/index.php?rest_route=\/wp\/v2\/users\/19"}],"replies":[{"embeddable":true,"href":"https:\/\/www.interaccionnoticias.com.mx\/index.php?rest_route=%2Fwp%2Fv2%2Fcomments&post=68363"}],"version-history":[{"count":1,"href":"https:\/\/www.interaccionnoticias.com.mx\/index.php?rest_route=\/wp\/v2\/posts\/68363\/revisions"}],"predecessor-version":[{"id":68366,"href":"https:\/\/www.interaccionnoticias.com.mx\/index.php?rest_route=\/wp\/v2\/posts\/68363\/revisions\/68366"}],"wp:featuredmedia":[{"embeddable":true,"href":"https:\/\/www.interaccionnoticias.com.mx\/index.php?rest_route=\/wp\/v2\/media\/68364"}],"wp:attachment":[{"href":"https:\/\/www.interaccionnoticias.com.mx\/index.php?rest_route=%2Fwp%2Fv2%2Fmedia&parent=68363"}],"wp:term":[{"taxonomy":"category","embeddable":true,"href":"https:\/\/www.interaccionnoticias.com.mx\/index.php?rest_route=%2Fwp%2Fv2%2Fcategories&post=68363"},{"taxonomy":"post_tag","embeddable":true,"href":"https:\/\/www.interaccionnoticias.com.mx\/index.php?rest_route=%2Fwp%2Fv2%2Ftags&post=68363"}],"curies":[{"name":"wp","href":"https:\/\/api.w.org\/{rel}","templated":true}]}}