{"id":68322,"date":"2023-09-19T20:40:43","date_gmt":"2023-09-20T01:40:43","guid":{"rendered":"https:\/\/interaccionnoticias.com.mx\/?p=68322"},"modified":"2023-09-19T20:40:45","modified_gmt":"2023-09-20T01:40:45","slug":"diputada-local-buscara-la-mediacion-entre-la-alcaldesa-de-chilpancingo-y-los-trabajadores-en-paro","status":"publish","type":"post","link":"https:\/\/www.interaccionnoticias.com.mx\/?p=68322","title":{"rendered":"Diputada local buscar\u00e1 la mediaci\u00f3n entre la alcaldesa de Chilpancingo y los trabajadores en paro"},"content":{"rendered":"\n<p><strong><em>&#8212; Jessica Alejo Rayo reprocha que ante la falta de acuerdos, el movimiento se haya prolongado durante una semana<\/em><\/strong><\/p>\n\n\n\n<p><strong>Yasm\u00edn Garc\u00eda<\/strong><\/p>\n\n\n\n<p><strong>Chilpancingo, Gro., a 19 de septiembre 2023.-<\/strong> La diputada local por MORENA, Jessica Alejo Rayo anticip\u00f3 que buscar\u00e1 la mediaci\u00f3n entre el Ayuntamiento capitalino y los trabajadores que se mantienen en paro desde la semana pasada, para evitar que el conflicto avance en la ruta de la polarizaci\u00f3n.<\/p>\n\n\n\n<p>La representante del Primer Distrito Electoral, declar\u00f3 que algunos trabajadores la han buscado para que les d\u00e9 acompa\u00f1amiento, por eso es que considera pertinente buscar una reuni\u00f3n con la presidenta Norma Otilia Hern\u00e1ndez Mart\u00ednez.<\/p>\n\n\n\n<p>Alejo Rayo sostuvo que la protesta de los trabajadores, se debe a que la alcaldesa incumpli\u00f3 el pliego petitorio planteado por el sindicato Independiente, Secci\u00f3n 14.<\/p>\n\n\n\n<p>\u00abTengo entendido que existe un pliego petitorio que firm\u00f3 la presidenta y no cumpli\u00f3, entonces no te puedes comprometer no te puedes adelantar a las cosas si no las vas a cumplir los tiempos son cambiantes\u00bb, recrimin\u00f3 la diputada morenista.<\/p>\n\n\n\n<p>Advirti\u00f3 que revisar\u00e1 si en el pliego petitorio del sindicato esta la firma de la presidenta municipal, posteriormente se reunir\u00e1 con el comit\u00e9 del sindicato para darles acompa\u00f1amiento y lograr una audiencia con su compa\u00f1era de partido.<\/p>\n","protected":false},"excerpt":{"rendered":"<p>&#8212; Jessica Alejo Rayo reprocha que ante la falta de acuerdos, el movimiento se haya prolongado durante una semana Yasm\u00edn Garc\u00eda Chilpancingo, Gro., a 19 de septiembre 2023.- La diputada&hellip; <\/p>\n","protected":false},"author":32,"featured_media":68323,"comment_status":"open","ping_status":"open","sticky":false,"template":"","format":"standard","meta":{"fifu_image_url":"","fifu_image_alt":"","footnotes":""},"categories":[21],"tags":[],"class_list":["post-68322","post","type-post","status-publish","format-standard","has-post-thumbnail","hentry","category-politica"],"_links":{"self":[{"href":"https:\/\/www.interaccionnoticias.com.mx\/index.php?rest_route=\/wp\/v2\/posts\/68322","targetHints":{"allow":["GET"]}}],"collection":[{"href":"https:\/\/www.interaccionnoticias.com.mx\/index.php?rest_route=\/wp\/v2\/posts"}],"about":[{"href":"https:\/\/www.interaccionnoticias.com.mx\/index.php?rest_route=\/wp\/v2\/types\/post"}],"author":[{"embeddable":true,"href":"https:\/\/www.interaccionnoticias.com.mx\/index.php?rest_route=\/wp\/v2\/users\/32"}],"replies":[{"embeddable":true,"href":"https:\/\/www.interaccionnoticias.com.mx\/index.php?rest_route=%2Fwp%2Fv2%2Fcomments&post=68322"}],"version-history":[{"count":1,"href":"https:\/\/www.interaccionnoticias.com.mx\/index.php?rest_route=\/wp\/v2\/posts\/68322\/revisions"}],"predecessor-version":[{"id":68324,"href":"https:\/\/www.interaccionnoticias.com.mx\/index.php?rest_route=\/wp\/v2\/posts\/68322\/revisions\/68324"}],"wp:featuredmedia":[{"embeddable":true,"href":"https:\/\/www.interaccionnoticias.com.mx\/index.php?rest_route=\/wp\/v2\/media\/68323"}],"wp:attachment":[{"href":"https:\/\/www.interaccionnoticias.com.mx\/index.php?rest_route=%2Fwp%2Fv2%2Fmedia&parent=68322"}],"wp:term":[{"taxonomy":"category","embeddable":true,"href":"https:\/\/www.interaccionnoticias.com.mx\/index.php?rest_route=%2Fwp%2Fv2%2Fcategories&post=68322"},{"taxonomy":"post_tag","embeddable":true,"href":"https:\/\/www.interaccionnoticias.com.mx\/index.php?rest_route=%2Fwp%2Fv2%2Ftags&post=68322"}],"curies":[{"name":"wp","href":"https:\/\/api.w.org\/{rel}","templated":true}]}}