{"id":68313,"date":"2023-09-19T17:44:23","date_gmt":"2023-09-19T22:44:23","guid":{"rendered":"https:\/\/interaccionnoticias.com.mx\/?p=68313"},"modified":"2023-09-19T17:44:25","modified_gmt":"2023-09-19T22:44:25","slug":"feministas-solicitan-al-ine-la-creacion-de-defensoria-especializada-en-violencia-politica","status":"publish","type":"post","link":"https:\/\/www.interaccionnoticias.com.mx\/?p=68313","title":{"rendered":"Feministas solicitan al INE la creaci\u00f3n de Defensor\u00eda Especializada en violencia pol\u00edtica"},"content":{"rendered":"\n<p><strong><em>&#8212; Muriel Salinas: 130 organizaciones de la sociedad civil y defensoras de los derechos pol\u00edticos de las mujeres se han sumado a esa demanda<\/em><\/strong><\/p>\n\n\n\n<p><strong>Rosario Garc\u00eda Orozco<\/strong><\/p>\n\n\n\n<p><strong>Chilpancingo, Gro., 18 de septiembre del 2023.-<\/strong> Ante la cercan\u00eda del proceso electoral 2023-2024, unas 130 organizaciones de la sociedad civil y defensoras de los derechos pol\u00edticos de las mujeres solicitaron al Instituto Nacional Electoral (INE) la creaci\u00f3n de la Defensor\u00eda Especializada en Violencia Pol\u00edtica contras las Mujeres en Raz\u00f3n de G\u00e9nero.<\/p>\n\n\n\n<p>As\u00ed lo inform\u00f3 Muriel Salinas D\u00edaz, integrante de la Red para el Avance Pol\u00edtico de las Mujeres Guerrerenses, quien dijo que recientemente la consejera del INE, Carla Astrid Humphrey Jordan, present\u00f3 una propuesta para que el \u00f3rgano electoral impulse una Defensor\u00eda Especializada en Violencia Pol\u00edtica contras las Mujeres en Raz\u00f3n de G\u00e9nero, enfocada en los derechos pol\u00edticos de las f\u00e9minas.<\/p>\n\n\n\n<p>Explic\u00f3 que la aprobaci\u00f3n de esa propuesta est\u00e1 en manos de las consejeras y consejeros del INE, y que de contar con el respaldo de los funcionarios electorales federales, no solo tendr\u00eda oficinas centrales sino representatividad en cada una de las Juntas Locales de cada entidad federativa, para que las afectadas por violencia pol\u00edtica puedan acceder con facilidad a los servicios especializados.<\/p>\n\n\n\n<p>Coment\u00f3 que el Tribunal Electoral del Poder Judicial de la Federaci\u00f3n cuenta con una defensor\u00eda p\u00fablica especializada que anteriormente se enfocaba en la atenci\u00f3n a pueblos y comunidades ind\u00edgenas, y recientemente con la modificaci\u00f3n a esa \u00e1rea con la finalidad de atender casos de violencia pol\u00edtica contra mujeres en raz\u00f3n de g\u00e9nero, y pese a contar con equipo especializado, tiene limitaciones, ya que solo cuenta con oficinas en la Ciudad de M\u00e9xico y el Estado de Oaxaca, en tanto para el resto de pa\u00eds la atenci\u00f3n se brinda de manera remota.<\/p>\n\n\n\n<p>La dirigente feminista lament\u00f3 que conforme se avanza en la conquista de derechos pol\u00edticos y electorales para acceder en condiciones de paridad con los hombres a los cargos de representaci\u00f3n popular y de toma de decisiones en los tres Poderes de la Uni\u00f3n y a los cargos en los tres niveles de gobierno, la violencia pol\u00edtica contra las mujeres en raz\u00f3n de g\u00e9nero aumenta en todo el territorio nacional, situaci\u00f3n que se recrudece conforme se acerca el proceso electoral.<\/p>\n","protected":false},"excerpt":{"rendered":"<p>&#8212; Muriel Salinas: 130 organizaciones de la sociedad civil y defensoras de los derechos pol\u00edticos de las mujeres se han sumado a esa demanda Rosario Garc\u00eda Orozco Chilpancingo, Gro., 18&hellip; <\/p>\n","protected":false},"author":14,"featured_media":64737,"comment_status":"open","ping_status":"open","sticky":false,"template":"","format":"standard","meta":{"fifu_image_url":"","fifu_image_alt":"","footnotes":""},"categories":[21],"tags":[],"class_list":["post-68313","post","type-post","status-publish","format-standard","has-post-thumbnail","hentry","category-politica"],"_links":{"self":[{"href":"https:\/\/www.interaccionnoticias.com.mx\/index.php?rest_route=\/wp\/v2\/posts\/68313","targetHints":{"allow":["GET"]}}],"collection":[{"href":"https:\/\/www.interaccionnoticias.com.mx\/index.php?rest_route=\/wp\/v2\/posts"}],"about":[{"href":"https:\/\/www.interaccionnoticias.com.mx\/index.php?rest_route=\/wp\/v2\/types\/post"}],"author":[{"embeddable":true,"href":"https:\/\/www.interaccionnoticias.com.mx\/index.php?rest_route=\/wp\/v2\/users\/14"}],"replies":[{"embeddable":true,"href":"https:\/\/www.interaccionnoticias.com.mx\/index.php?rest_route=%2Fwp%2Fv2%2Fcomments&post=68313"}],"version-history":[{"count":1,"href":"https:\/\/www.interaccionnoticias.com.mx\/index.php?rest_route=\/wp\/v2\/posts\/68313\/revisions"}],"predecessor-version":[{"id":68314,"href":"https:\/\/www.interaccionnoticias.com.mx\/index.php?rest_route=\/wp\/v2\/posts\/68313\/revisions\/68314"}],"wp:featuredmedia":[{"embeddable":true,"href":"https:\/\/www.interaccionnoticias.com.mx\/index.php?rest_route=\/wp\/v2\/media\/64737"}],"wp:attachment":[{"href":"https:\/\/www.interaccionnoticias.com.mx\/index.php?rest_route=%2Fwp%2Fv2%2Fmedia&parent=68313"}],"wp:term":[{"taxonomy":"category","embeddable":true,"href":"https:\/\/www.interaccionnoticias.com.mx\/index.php?rest_route=%2Fwp%2Fv2%2Fcategories&post=68313"},{"taxonomy":"post_tag","embeddable":true,"href":"https:\/\/www.interaccionnoticias.com.mx\/index.php?rest_route=%2Fwp%2Fv2%2Ftags&post=68313"}],"curies":[{"name":"wp","href":"https:\/\/api.w.org\/{rel}","templated":true}]}}