{"id":68293,"date":"2023-09-19T15:16:07","date_gmt":"2023-09-19T20:16:07","guid":{"rendered":"https:\/\/interaccionnoticias.com.mx\/?p=68293"},"modified":"2023-09-19T15:16:08","modified_gmt":"2023-09-19T20:16:08","slug":"poca-participacion-en-simulacro-del-19-de-septiembre-en-el-zocalo-de-chilpancingo","status":"publish","type":"post","link":"https:\/\/www.interaccionnoticias.com.mx\/?p=68293","title":{"rendered":"Poca participaci\u00f3n en simulacro del 19 de septiembre, en el z\u00f3calo de Chilpancingo"},"content":{"rendered":"\n<p><strong><em>&#8212; La toma del Ayuntamiento obstaculiz\u00f3 la actividad<\/em><\/strong><\/p>\n\n\n\n<p><strong>Jes\u00fas Dorantes<\/strong><\/p>\n\n\n\n<p><strong>Chilpancingo, Gro.-<\/strong> Durante el simulacro que se realiza a nivel nacional el d\u00eda 19 de septiembre, en el z\u00f3calo capitalino se registr\u00f3 una baja participaci\u00f3n ciudadana, debido a la toma de las instalaciones del Palacio Municipal por parte de los trabajadores de la Secci\u00f3n XIV del Sindicato Independiente.<\/p>\n\n\n\n<p>Luego de sonar las alarmas a las 11:00 horas, personal del Museo Regional sali\u00f3 del inmueble el para concentrarse en la plancha del z\u00f3calo, mientras que los trabajadores de la Secci\u00f3n XIV se retiraron de las entradas principales del Ayuntamiento para tambi\u00e9n participar en el simulacro.<\/p>\n\n\n\n<p>Luego de colocarse frente al inmueble los manifestantes que durante una semana no han permitido el acceso a los trabajadores, lanzaron consignas como \u201cUnidad gremial por justicia laboral\u201d.<\/p>\n\n\n\n<p>Mientras que el personal que laboral en el Ayuntamiento y que se encuentra en la plaza c\u00edvica Primer Congreso de An\u00e1huac de manera provisional, en mesas para dar atenci\u00f3n a la ciudadan\u00eda, permaneci\u00f3 en sus lugares sentados mientras se desarrollaba el acto.<\/p>\n\n\n\n<p>A diferencia del a\u00f1o pasado, no estuvo presente la alcaldesa Norma Otilia Hern\u00e1ndez Mart\u00ednez ni ninguna autoridad, por lo que no se dio el reporte inmediato de los resultados del simulacro.<\/p>\n","protected":false},"excerpt":{"rendered":"<p>&#8212; La toma del Ayuntamiento obstaculiz\u00f3 la actividad Jes\u00fas Dorantes Chilpancingo, Gro.- Durante el simulacro que se realiza a nivel nacional el d\u00eda 19 de septiembre, en el z\u00f3calo capitalino&hellip; <\/p>\n","protected":false},"author":8,"featured_media":68294,"comment_status":"open","ping_status":"open","sticky":false,"template":"","format":"standard","meta":{"fifu_image_url":"","fifu_image_alt":"","footnotes":""},"categories":[13],"tags":[],"class_list":["post-68293","post","type-post","status-publish","format-standard","has-post-thumbnail","hentry","category-capital"],"_links":{"self":[{"href":"https:\/\/www.interaccionnoticias.com.mx\/index.php?rest_route=\/wp\/v2\/posts\/68293","targetHints":{"allow":["GET"]}}],"collection":[{"href":"https:\/\/www.interaccionnoticias.com.mx\/index.php?rest_route=\/wp\/v2\/posts"}],"about":[{"href":"https:\/\/www.interaccionnoticias.com.mx\/index.php?rest_route=\/wp\/v2\/types\/post"}],"author":[{"embeddable":true,"href":"https:\/\/www.interaccionnoticias.com.mx\/index.php?rest_route=\/wp\/v2\/users\/8"}],"replies":[{"embeddable":true,"href":"https:\/\/www.interaccionnoticias.com.mx\/index.php?rest_route=%2Fwp%2Fv2%2Fcomments&post=68293"}],"version-history":[{"count":1,"href":"https:\/\/www.interaccionnoticias.com.mx\/index.php?rest_route=\/wp\/v2\/posts\/68293\/revisions"}],"predecessor-version":[{"id":68295,"href":"https:\/\/www.interaccionnoticias.com.mx\/index.php?rest_route=\/wp\/v2\/posts\/68293\/revisions\/68295"}],"wp:featuredmedia":[{"embeddable":true,"href":"https:\/\/www.interaccionnoticias.com.mx\/index.php?rest_route=\/wp\/v2\/media\/68294"}],"wp:attachment":[{"href":"https:\/\/www.interaccionnoticias.com.mx\/index.php?rest_route=%2Fwp%2Fv2%2Fmedia&parent=68293"}],"wp:term":[{"taxonomy":"category","embeddable":true,"href":"https:\/\/www.interaccionnoticias.com.mx\/index.php?rest_route=%2Fwp%2Fv2%2Fcategories&post=68293"},{"taxonomy":"post_tag","embeddable":true,"href":"https:\/\/www.interaccionnoticias.com.mx\/index.php?rest_route=%2Fwp%2Fv2%2Ftags&post=68293"}],"curies":[{"name":"wp","href":"https:\/\/api.w.org\/{rel}","templated":true}]}}