{"id":68288,"date":"2023-09-19T15:08:08","date_gmt":"2023-09-19T20:08:08","guid":{"rendered":"https:\/\/interaccionnoticias.com.mx\/?p=68288"},"modified":"2023-09-19T15:08:11","modified_gmt":"2023-09-19T20:08:11","slug":"entrega-la-gobernadora-evelyn-salgado-345-apoyos-del-programa-becas-ignacio-manuel-altamirano-en-acapulco","status":"publish","type":"post","link":"https:\/\/www.interaccionnoticias.com.mx\/?p=68288","title":{"rendered":"Entrega la gobernadora Evelyn Salgado 345 apoyos del programa Becas Ignacio Manuel Altamirano en Acapulco"},"content":{"rendered":"\n<p><strong><em>&#8212; Con ello refrenda su compromiso con la educaci\u00f3n de ni\u00f1os y j\u00f3venes<br>&#8212; La aplicaci\u00f3n de una pol\u00edtica austera, distinta y eficiente nos ha permitido redoblar esfuerzos en materia de apoyos sociales, destaca la mandataria<\/em><\/strong><\/p>\n\n\n\n<p><strong>Acapulco, Gro., 19 de septiembre de 2023.- <\/strong>Refrendando su compromiso con la educaci\u00f3n, la gobernadora Evelyn Salgado Pineda entreg\u00f3 345 apoyos del programa Becas Ignacio Manuel Altamirano, con lo que se promueve el acompa\u00f1amiento a igual n\u00famero de estudiantes de nivel primaria y secundaria del municipio de Acapulco, para promover su desarrollo integral en el \u00e1mbito escolar.<\/p>\n\n\n\n<p>En el evento realizado en el auditorio del Parque Papagayo, la gobernadora enfatiz\u00f3 que estas acciones son resultado del trabajo para lograr orientar el presupuesto hacia una pol\u00edtica social sin precedentes, en la cual se ha logrado atender de manera puntual a la poblaci\u00f3n en materia de salud, educaci\u00f3n, infraestructura, becas, entre otros rubros prioritarios, esto a trav\u00e9s de un aumento de m\u00e1s del 70 por ciento en el gasto social y la aplicaci\u00f3n de una pol\u00edtica austera, distinta y eficiente.<\/p>\n\n\n\n<p>En compa\u00f1\u00eda de la secretaria del Bienestar, Mar\u00eda del Carmen Cabrera Lagunas, la jefa del Ejecutivo estatal puntualiz\u00f3 que estas becas significan el acompa\u00f1amiento de su gobierno a todos los sue\u00f1os a todas las aspiraciones de la ni\u00f1ez y juventud, as\u00ed como el compromiso que tiene con la educaci\u00f3n. Y agreg\u00f3: \u00abLa ni\u00f1ez es lo m\u00e1s hermoso que tenemos, es lo m\u00e1s preciado y por lo que luchamos todos los d\u00edas, por ustedes. Porque sean j\u00f3venes y adultos felices, preparadas, preparados y que consigan todos sus sue\u00f1os con el apoyo de sus padres y con el apoyo de sus maestras y de sus maestros\u00bb.<\/p>\n\n\n\n<p>Salgado Pineda anunci\u00f3 que para el pr\u00f3ximo a\u00f1o se ampliar\u00e1n los beneficios de este programa, con lo que un mayor n\u00famero de ni\u00f1os y j\u00f3venes tendr\u00e1n acceso a estas becas, logrando impactar favorablemente y de manera directa a la poblaci\u00f3n perteneciente a este sector que no cuenta con alg\u00fan otro tipo de apoyo.<\/p>\n\n\n\n<p>En su intervenci\u00f3n, la titular de la Secretar\u00eda del Bienestar coincidi\u00f3 con la gobernadora al se\u00f1alar que el estudio es la principal herramienta para construir el desarrollo, la felicidad y el bienestar de todos los ni\u00f1os, por lo que es prioritario que ninguno de ellos se quede sin la oportunidad de estar en un aula de clases por falta de recursos econ\u00f3micos para poder cubrir sus necesidades m\u00e1s indispensables.<\/p>\n\n\n\n<p>\u00abNuestra gobernadora est\u00e1 sentando las bases con su trabajo diario, para ese Guerrero que anhelamos todos los padres de familia; ese Guerrero en el que vivan en paz y con tranquilidad nuestros hijos\u00bb, a\u00f1adi\u00f3.<\/p>\n\n\n\n<p>A nombre de los beneficiarios, la ni\u00f1a Vania Alexandra \u00c1lvarez Hern\u00e1ndez, de la Primaria 6 de Enero, agradeci\u00f3 a la gobernadora todo su apoyo mediante la entrega de estas becas, lo que les da la oportunidad de seguir adelante y prepararse para sus estudios, lo que marca el inicio de un gran camino como futuros profesionistas. \u00abEstoy segura que daremos lo mejor de cada uno, para poner en alto a nuestro bello estado de Guerrero\u00bb, dijo.<\/p>\n\n\n\n<p>Estas becas se entregan de manera bimestral, con un apoyo de mil 200 pesos, en tres periodos. Asistieron a este evento el representante de la presidenta municipal, Daniel Castillo de la Rosa; los diputados locales Yoloczin Dom\u00ednguez Serna, Marco Tulio S\u00e1nchez, Leticia Castro y Estrella de la Paz Bernal. Tambi\u00e9n los ni\u00f1os David Ram\u00edrez Brito, Valeria Aguirre y Alejandro Bueno Saguil\u00e1n.<\/p>\n\n\n\n<div class=\"wp-block-jetpack-slideshow aligncenter\" data-effect=\"slide\"><div class=\"wp-block-jetpack-slideshow_container swiper-container\"><ul class=\"wp-block-jetpack-slideshow_swiper-wrapper swiper-wrapper\"><li class=\"wp-block-jetpack-slideshow_slide swiper-slide\"><figure><img decoding=\"async\" src=\"data:image\/gif;base64,R0lGODlhAQABAIAAAAAAAP\/\/\/ywAAAAAAQABAAACAUwAOw==\" fifu-lazy=\"1\" fifu-data-sizes=\"auto\" fifu-data-srcset=\"https:\/\/i2.wp.com\/interaccionnoticias.com.mx\/wp-content\/uploads\/2023\/09\/230919-Evelyn-Salgado-345-Becas-1-1024x682.jpg?ssl=1&w=75&resize=75&ssl=1 75w, https:\/\/i2.wp.com\/interaccionnoticias.com.mx\/wp-content\/uploads\/2023\/09\/230919-Evelyn-Salgado-345-Becas-1-1024x682.jpg?ssl=1&w=100&resize=100&ssl=1 100w, https:\/\/i2.wp.com\/interaccionnoticias.com.mx\/wp-content\/uploads\/2023\/09\/230919-Evelyn-Salgado-345-Becas-1-1024x682.jpg?ssl=1&w=150&resize=150&ssl=1 150w, https:\/\/i2.wp.com\/interaccionnoticias.com.mx\/wp-content\/uploads\/2023\/09\/230919-Evelyn-Salgado-345-Becas-1-1024x682.jpg?ssl=1&w=240&resize=240&ssl=1 240w, https:\/\/i2.wp.com\/interaccionnoticias.com.mx\/wp-content\/uploads\/2023\/09\/230919-Evelyn-Salgado-345-Becas-1-1024x682.jpg?ssl=1&w=320&resize=320&ssl=1 320w, https:\/\/i2.wp.com\/interaccionnoticias.com.mx\/wp-content\/uploads\/2023\/09\/230919-Evelyn-Salgado-345-Becas-1-1024x682.jpg?ssl=1&w=500&resize=500&ssl=1 500w, https:\/\/i2.wp.com\/interaccionnoticias.com.mx\/wp-content\/uploads\/2023\/09\/230919-Evelyn-Salgado-345-Becas-1-1024x682.jpg?ssl=1&w=640&resize=640&ssl=1 640w, https:\/\/i2.wp.com\/interaccionnoticias.com.mx\/wp-content\/uploads\/2023\/09\/230919-Evelyn-Salgado-345-Becas-1-1024x682.jpg?ssl=1&w=800&resize=800&ssl=1 800w, https:\/\/i2.wp.com\/interaccionnoticias.com.mx\/wp-content\/uploads\/2023\/09\/230919-Evelyn-Salgado-345-Becas-1-1024x682.jpg?ssl=1&w=1024&resize=1024&ssl=1 1024w, https:\/\/i2.wp.com\/interaccionnoticias.com.mx\/wp-content\/uploads\/2023\/09\/230919-Evelyn-Salgado-345-Becas-1-1024x682.jpg?ssl=1&w=1280&resize=1280&ssl=1 1280w, https:\/\/i2.wp.com\/interaccionnoticias.com.mx\/wp-content\/uploads\/2023\/09\/230919-Evelyn-Salgado-345-Becas-1-1024x682.jpg?ssl=1&w=1600&resize=1600&ssl=1 1600w\" alt=\"\" class=\"wp-block-jetpack-slideshow_image wp-image-68289\" data-id=\"68289\" fifu-data-src=\"https:\/\/i2.wp.com\/interaccionnoticias.com.mx\/wp-content\/uploads\/2023\/09\/230919-Evelyn-Salgado-345-Becas-1-1024x682.jpg?ssl=1\"\/><\/figure><\/li><li class=\"wp-block-jetpack-slideshow_slide swiper-slide\"><figure><img decoding=\"async\" src=\"data:image\/gif;base64,R0lGODlhAQABAIAAAAAAAP\/\/\/ywAAAAAAQABAAACAUwAOw==\" fifu-lazy=\"1\" fifu-data-sizes=\"auto\" fifu-data-srcset=\"https:\/\/i1.wp.com\/interaccionnoticias.com.mx\/wp-content\/uploads\/2023\/09\/230919-Evelyn-Salgado-345-Becas-2-1024x682.jpg?ssl=1&w=75&resize=75&ssl=1 75w, https:\/\/i1.wp.com\/interaccionnoticias.com.mx\/wp-content\/uploads\/2023\/09\/230919-Evelyn-Salgado-345-Becas-2-1024x682.jpg?ssl=1&w=100&resize=100&ssl=1 100w, https:\/\/i1.wp.com\/interaccionnoticias.com.mx\/wp-content\/uploads\/2023\/09\/230919-Evelyn-Salgado-345-Becas-2-1024x682.jpg?ssl=1&w=150&resize=150&ssl=1 150w, https:\/\/i1.wp.com\/interaccionnoticias.com.mx\/wp-content\/uploads\/2023\/09\/230919-Evelyn-Salgado-345-Becas-2-1024x682.jpg?ssl=1&w=240&resize=240&ssl=1 240w, https:\/\/i1.wp.com\/interaccionnoticias.com.mx\/wp-content\/uploads\/2023\/09\/230919-Evelyn-Salgado-345-Becas-2-1024x682.jpg?ssl=1&w=320&resize=320&ssl=1 320w, https:\/\/i1.wp.com\/interaccionnoticias.com.mx\/wp-content\/uploads\/2023\/09\/230919-Evelyn-Salgado-345-Becas-2-1024x682.jpg?ssl=1&w=500&resize=500&ssl=1 500w, https:\/\/i1.wp.com\/interaccionnoticias.com.mx\/wp-content\/uploads\/2023\/09\/230919-Evelyn-Salgado-345-Becas-2-1024x682.jpg?ssl=1&w=640&resize=640&ssl=1 640w, https:\/\/i1.wp.com\/interaccionnoticias.com.mx\/wp-content\/uploads\/2023\/09\/230919-Evelyn-Salgado-345-Becas-2-1024x682.jpg?ssl=1&w=800&resize=800&ssl=1 800w, https:\/\/i1.wp.com\/interaccionnoticias.com.mx\/wp-content\/uploads\/2023\/09\/230919-Evelyn-Salgado-345-Becas-2-1024x682.jpg?ssl=1&w=1024&resize=1024&ssl=1 1024w, https:\/\/i1.wp.com\/interaccionnoticias.com.mx\/wp-content\/uploads\/2023\/09\/230919-Evelyn-Salgado-345-Becas-2-1024x682.jpg?ssl=1&w=1280&resize=1280&ssl=1 1280w, https:\/\/i1.wp.com\/interaccionnoticias.com.mx\/wp-content\/uploads\/2023\/09\/230919-Evelyn-Salgado-345-Becas-2-1024x682.jpg?ssl=1&w=1600&resize=1600&ssl=1 1600w\" alt=\"\" class=\"wp-block-jetpack-slideshow_image wp-image-68290\" data-id=\"68290\" fifu-data-src=\"https:\/\/i1.wp.com\/interaccionnoticias.com.mx\/wp-content\/uploads\/2023\/09\/230919-Evelyn-Salgado-345-Becas-2-1024x682.jpg?ssl=1\"\/><\/figure><\/li><li class=\"wp-block-jetpack-slideshow_slide swiper-slide\"><figure><img decoding=\"async\" src=\"data:image\/gif;base64,R0lGODlhAQABAIAAAAAAAP\/\/\/ywAAAAAAQABAAACAUwAOw==\" fifu-lazy=\"1\" fifu-data-sizes=\"auto\" fifu-data-srcset=\"https:\/\/i1.wp.com\/interaccionnoticias.com.mx\/wp-content\/uploads\/2023\/09\/230919-Evelyn-Salgado-345-Becas-3-1024x541.jpg?ssl=1&w=75&resize=75&ssl=1 75w, https:\/\/i1.wp.com\/interaccionnoticias.com.mx\/wp-content\/uploads\/2023\/09\/230919-Evelyn-Salgado-345-Becas-3-1024x541.jpg?ssl=1&w=100&resize=100&ssl=1 100w, https:\/\/i1.wp.com\/interaccionnoticias.com.mx\/wp-content\/uploads\/2023\/09\/230919-Evelyn-Salgado-345-Becas-3-1024x541.jpg?ssl=1&w=150&resize=150&ssl=1 150w, https:\/\/i1.wp.com\/interaccionnoticias.com.mx\/wp-content\/uploads\/2023\/09\/230919-Evelyn-Salgado-345-Becas-3-1024x541.jpg?ssl=1&w=240&resize=240&ssl=1 240w, https:\/\/i1.wp.com\/interaccionnoticias.com.mx\/wp-content\/uploads\/2023\/09\/230919-Evelyn-Salgado-345-Becas-3-1024x541.jpg?ssl=1&w=320&resize=320&ssl=1 320w, https:\/\/i1.wp.com\/interaccionnoticias.com.mx\/wp-content\/uploads\/2023\/09\/230919-Evelyn-Salgado-345-Becas-3-1024x541.jpg?ssl=1&w=500&resize=500&ssl=1 500w, https:\/\/i1.wp.com\/interaccionnoticias.com.mx\/wp-content\/uploads\/2023\/09\/230919-Evelyn-Salgado-345-Becas-3-1024x541.jpg?ssl=1&w=640&resize=640&ssl=1 640w, https:\/\/i1.wp.com\/interaccionnoticias.com.mx\/wp-content\/uploads\/2023\/09\/230919-Evelyn-Salgado-345-Becas-3-1024x541.jpg?ssl=1&w=800&resize=800&ssl=1 800w, https:\/\/i1.wp.com\/interaccionnoticias.com.mx\/wp-content\/uploads\/2023\/09\/230919-Evelyn-Salgado-345-Becas-3-1024x541.jpg?ssl=1&w=1024&resize=1024&ssl=1 1024w, https:\/\/i1.wp.com\/interaccionnoticias.com.mx\/wp-content\/uploads\/2023\/09\/230919-Evelyn-Salgado-345-Becas-3-1024x541.jpg?ssl=1&w=1280&resize=1280&ssl=1 1280w, https:\/\/i1.wp.com\/interaccionnoticias.com.mx\/wp-content\/uploads\/2023\/09\/230919-Evelyn-Salgado-345-Becas-3-1024x541.jpg?ssl=1&w=1600&resize=1600&ssl=1 1600w\" alt=\"\" class=\"wp-block-jetpack-slideshow_image wp-image-68291\" data-id=\"68291\" fifu-data-src=\"https:\/\/i1.wp.com\/interaccionnoticias.com.mx\/wp-content\/uploads\/2023\/09\/230919-Evelyn-Salgado-345-Becas-3-1024x541.jpg?ssl=1\"\/><\/figure><\/li><\/ul><a class=\"wp-block-jetpack-slideshow_button-prev swiper-button-prev swiper-button-white\" role=\"button\"><\/a><a class=\"wp-block-jetpack-slideshow_button-next swiper-button-next swiper-button-white\" role=\"button\"><\/a><a aria-label=\"Pause Slideshow\" class=\"wp-block-jetpack-slideshow_button-pause\" role=\"button\"><\/a><div class=\"wp-block-jetpack-slideshow_pagination swiper-pagination swiper-pagination-white\"><\/div><\/div><\/div>\n","protected":false},"excerpt":{"rendered":"<p>&#8212; Con ello refrenda su compromiso con la educaci\u00f3n de ni\u00f1os y j\u00f3venes&#8212; La aplicaci\u00f3n de una pol\u00edtica austera, distinta y eficiente nos ha permitido redoblar esfuerzos en materia de&hellip; <\/p>\n","protected":false},"author":19,"featured_media":68291,"comment_status":"open","ping_status":"open","sticky":false,"template":"","format":"standard","meta":{"fifu_image_url":"","fifu_image_alt":"","footnotes":""},"categories":[11],"tags":[],"class_list":["post-68288","post","type-post","status-publish","format-standard","has-post-thumbnail","hentry","category-guerrero"],"_links":{"self":[{"href":"https:\/\/www.interaccionnoticias.com.mx\/index.php?rest_route=\/wp\/v2\/posts\/68288","targetHints":{"allow":["GET"]}}],"collection":[{"href":"https:\/\/www.interaccionnoticias.com.mx\/index.php?rest_route=\/wp\/v2\/posts"}],"about":[{"href":"https:\/\/www.interaccionnoticias.com.mx\/index.php?rest_route=\/wp\/v2\/types\/post"}],"author":[{"embeddable":true,"href":"https:\/\/www.interaccionnoticias.com.mx\/index.php?rest_route=\/wp\/v2\/users\/19"}],"replies":[{"embeddable":true,"href":"https:\/\/www.interaccionnoticias.com.mx\/index.php?rest_route=%2Fwp%2Fv2%2Fcomments&post=68288"}],"version-history":[{"count":1,"href":"https:\/\/www.interaccionnoticias.com.mx\/index.php?rest_route=\/wp\/v2\/posts\/68288\/revisions"}],"predecessor-version":[{"id":68292,"href":"https:\/\/www.interaccionnoticias.com.mx\/index.php?rest_route=\/wp\/v2\/posts\/68288\/revisions\/68292"}],"wp:featuredmedia":[{"embeddable":true,"href":"https:\/\/www.interaccionnoticias.com.mx\/index.php?rest_route=\/wp\/v2\/media\/68291"}],"wp:attachment":[{"href":"https:\/\/www.interaccionnoticias.com.mx\/index.php?rest_route=%2Fwp%2Fv2%2Fmedia&parent=68288"}],"wp:term":[{"taxonomy":"category","embeddable":true,"href":"https:\/\/www.interaccionnoticias.com.mx\/index.php?rest_route=%2Fwp%2Fv2%2Fcategories&post=68288"},{"taxonomy":"post_tag","embeddable":true,"href":"https:\/\/www.interaccionnoticias.com.mx\/index.php?rest_route=%2Fwp%2Fv2%2Ftags&post=68288"}],"curies":[{"name":"wp","href":"https:\/\/api.w.org\/{rel}","templated":true}]}}